{"id":68362,"date":"2020-03-10T17:21:57","date_gmt":"2020-03-10T16:21:57","guid":{"rendered":"https:\/\/www.fisifvg.org\/?p=68362"},"modified":"2020-03-10T17:21:57","modified_gmt":"2020-03-10T16:21:57","slug":"la-bachmaniana-maja-chyla-ai-mondiali-juniores-di-sci-alpino","status":"publish","type":"post","link":"https:\/\/comitati.fisi.org\/friuli-venezia-giulia\/blog\/2020\/03\/10\/la-bachmaniana-maja-chyla-ai-mondiali-juniores-di-sci-alpino\/","title":{"rendered":"La bachmaniana Maja Chyla ai Mondiali Juniores di sci alpino"},"content":{"rendered":"<p>Il Bachmann Sport College sar\u00e0 presente ai Mondiali Juniores di Narvik, in Norvegia, grazie alla studentesse-atleta Maja Chyla.<\/p>\n<p>La ragazza polacca, classe 2001, protagonista recentemente nelle FIS NJR di Forni di Sopra, sar\u00e0 al via mercoled\u00ec 11 del gigante e venerd\u00ec 13 dello slalom.<\/p>\n<p>Una gran bella soddisfazione per il Liceo tarvisiano e, in particolare, per i suoi allenatori Massimo Lazzaro e Danko Marinelli, oltre che del preparatore atletico Bruno Anzile.<\/p>\n<p><em><strong>(nella foto Maja Chyla a Narvik)<\/strong><\/em><\/p>\n","protected":false},"excerpt":{"rendered":"<p>La ragazza polacca sar\u00e0 in gara a Narvik nel gigante e nello slalom<\/p>\n","protected":false},"author":4,"featured_media":68363,"comment_status":"closed","ping_status":"closed","sticky":false,"template":"","format":"standard","meta":{"_acf_changed":false,"footnotes":""},"categories":[10,15],"tags":[],"acf":[],"_links":{"self":[{"href":"https:\/\/comitati.fisi.org\/friuli-venezia-giulia\/wp-json\/wp\/v2\/posts\/68362"}],"collection":[{"href":"https:\/\/comitati.fisi.org\/friuli-venezia-giulia\/wp-json\/wp\/v2\/posts"}],"about":[{"href":"https:\/\/comitati.fisi.org\/friuli-venezia-giulia\/wp-json\/wp\/v2\/types\/post"}],"author":[{"embeddable":true,"href":"https:\/\/comitati.fisi.org\/friuli-venezia-giulia\/wp-json\/wp\/v2\/users\/4"}],"replies":[{"embeddable":true,"href":"https:\/\/comitati.fisi.org\/friuli-venezia-giulia\/wp-json\/wp\/v2\/comments?post=68362"}],"version-history":[{"count":0,"href":"https:\/\/comitati.fisi.org\/friuli-venezia-giulia\/wp-json\/wp\/v2\/posts\/68362\/revisions"}],"wp:featuredmedia":[{"embeddable":true,"href":"https:\/\/comitati.fisi.org\/friuli-venezia-giulia\/wp-json\/wp\/v2\/media\/68363"}],"wp:attachment":[{"href":"https:\/\/comitati.fisi.org\/friuli-venezia-giulia\/wp-json\/wp\/v2\/media?parent=68362"}],"wp:term":[{"taxonomy":"category","embeddable":true,"href":"https:\/\/comitati.fisi.org\/friuli-venezia-giulia\/wp-json\/wp\/v2\/categories?post=68362"},{"taxonomy":"post_tag","embeddable":true,"href":"https:\/\/comitati.fisi.org\/friuli-venezia-giulia\/wp-json\/wp\/v2\/tags?post=68362"}],"curies":[{"name":"wp","href":"https:\/\/api.w.org\/{rel}","templated":true}]}}