{"id":68359,"date":"2020-03-10T14:15:19","date_gmt":"2020-03-10T13:15:19","guid":{"rendered":"https:\/\/www.fisifvg.org\/?p=68359"},"modified":"2020-03-10T14:15:19","modified_gmt":"2020-03-10T13:15:19","slug":"due-gare-ad-are-per-chiudere-la-coppa-del-mondo-di-lara-della-mea","status":"publish","type":"post","link":"https:\/\/comitati.fisi.org\/friuli-venezia-giulia\/blog\/2020\/03\/10\/due-gare-ad-are-per-chiudere-la-coppa-del-mondo-di-lara-della-mea\/","title":{"rendered":"Chiusa la stagione di Coppa del Mondo di Lara Della Mea"},"content":{"rendered":"<p><strong>AGGIORNAMENTO 11\/2<\/strong><br \/>\nLe gare di Are sono state cancellate: Federica Brignone vince la Coppa del Mondo.<\/p>\n<p>Alle tre gare femminili di Are (slalom parallelo gioved\u00ec 12 marzo, gigante venerd\u00ec 13 marzo e slalom sabato 14 marzo) che chiuderanno la stagione prenderanno parte Federica Brignone (leader della classifica generale di Coppa del mondo femminile, leader nel gigante e terza nella classifica di parallelo), Marta Bassino (quinta nella classifica generale, quarta in quella di gigante e sesta in parallelo con 78 punti), Marta Rossetti, Martina Peterlini, <strong>Lara Della Mea<\/strong>, Irene Curtoni e Laura Pirovano.<\/p>\n<p><strong>Lara Della Mea <em>(nella foto)<\/em><\/strong> parteciper\u00e0 allo slalom parallelo e allo slalom. Non sar\u00e0 al via, quindi, nello slalom dei Mondiali Juniores di Narvik, in Norvegia, in programma venerd\u00ec 13.<\/p>\n","protected":false},"excerpt":{"rendered":"<p>Cancellate le gare di Are. L&#8217;azzurra Federica Brignone vince il trofeo di cristallo<\/p>\n","protected":false},"author":4,"featured_media":67289,"comment_status":"closed","ping_status":"closed","sticky":false,"template":"","format":"standard","meta":{"_acf_changed":false,"footnotes":""},"categories":[10,15],"tags":[],"acf":[],"_links":{"self":[{"href":"https:\/\/comitati.fisi.org\/friuli-venezia-giulia\/wp-json\/wp\/v2\/posts\/68359"}],"collection":[{"href":"https:\/\/comitati.fisi.org\/friuli-venezia-giulia\/wp-json\/wp\/v2\/posts"}],"about":[{"href":"https:\/\/comitati.fisi.org\/friuli-venezia-giulia\/wp-json\/wp\/v2\/types\/post"}],"author":[{"embeddable":true,"href":"https:\/\/comitati.fisi.org\/friuli-venezia-giulia\/wp-json\/wp\/v2\/users\/4"}],"replies":[{"embeddable":true,"href":"https:\/\/comitati.fisi.org\/friuli-venezia-giulia\/wp-json\/wp\/v2\/comments?post=68359"}],"version-history":[{"count":0,"href":"https:\/\/comitati.fisi.org\/friuli-venezia-giulia\/wp-json\/wp\/v2\/posts\/68359\/revisions"}],"wp:featuredmedia":[{"embeddable":true,"href":"https:\/\/comitati.fisi.org\/friuli-venezia-giulia\/wp-json\/wp\/v2\/media\/67289"}],"wp:attachment":[{"href":"https:\/\/comitati.fisi.org\/friuli-venezia-giulia\/wp-json\/wp\/v2\/media?parent=68359"}],"wp:term":[{"taxonomy":"category","embeddable":true,"href":"https:\/\/comitati.fisi.org\/friuli-venezia-giulia\/wp-json\/wp\/v2\/categories?post=68359"},{"taxonomy":"post_tag","embeddable":true,"href":"https:\/\/comitati.fisi.org\/friuli-venezia-giulia\/wp-json\/wp\/v2\/tags?post=68359"}],"curies":[{"name":"wp","href":"https:\/\/api.w.org\/{rel}","templated":true}]}}