{"id":68338,"date":"2020-03-09T12:23:53","date_gmt":"2020-03-09T11:23:53","guid":{"rendered":"https:\/\/www.fisifvg.org\/?p=68338"},"modified":"2020-03-09T12:23:53","modified_gmt":"2020-03-09T11:23:53","slug":"comunicato-sospensione-attivita","status":"publish","type":"post","link":"https:\/\/comitati.fisi.org\/friuli-venezia-giulia\/blog\/2020\/03\/09\/comunicato-sospensione-attivita\/","title":{"rendered":"Comunicato sospensione attivit\u00e0"},"content":{"rendered":"<p>Su indicazione del Presidente Regionale FISI Maurizio Dunnhofer<span style=\"font-size: 1rem\">i, si comunica che dalla data odierna, a causa dell&#8217;emergenza Coronavirus,<\/span><b style=\"font-size: 1rem\">\u200b sono sospesi allenamenti e\u200b\u00a0<\/b><b style=\"font-size: 1rem\">gare\u200b nonch\u00e9 tutte le iscrizioni a gare FIS in Italia e all&#8217;estero, di ogni ordine e disciplina, fino a data da destinarsi.<br \/>\n<\/b><\/p>\n<p><strong>COMUNICATO FEDERAZIONE ITALIANA SPORT INVERNALI<\/strong><\/p>\n<p>A seguito della pubblicazione del decreto del Presidente del Consiglio dell\u20198 marzo scorso, che prevede ulteriori misure contenitive e restrittive da applicarsi su tutto il territorio nazionale,\u00a0<strong>la Federazione Italiana Sport Invernali ha deciso di sospendere da oggi, 9 marzo 2020, ogni attivit\u00e0 sportiva per tutte le discipline federali in ogni ordine e grado.\u00a0<\/strong><strong>Sono quindi annullati allenamenti, gare e trasferte di atleti, staff tecnici e medici di qualsiasi livello. Non sono autorizzati ulteriori spostamenti dei mezzi federali.<\/strong><\/p>\n<p>Restano ancora in attivit\u00e0 i soli atleti che si trovano gi\u00e0 sui siti di gara di Coppa del mondo e dei Mondiali junior e quelli che sono in lizza per la conquista di una coppa generale o di specialit\u00e0 o per un posto significativo nella classifica finale.<br \/>\nNello specifico: la squadra femminile di sci alpino che sar\u00e0 ad Aare per le tre gare di gioved\u00ec, venerd\u00ec e sabato e quella maschile che garegger\u00e0 nel week-end a Kranjska Gora; gli atleti che si trovano gi\u00e0 a Narvik per i Mondiali junior di sci alpino; la squadra di salto femminile, che si trova gi\u00e0 nel Nord Europa e completer\u00e0 le gare di Trondheim; la squadra di biathlon che completer\u00e0 le tappe di Kontiolahti e Oslo; Federico Pellegrino per il fondo che prender\u00e0 parte alle tappe di Coppa del mondo di Quebec e Minneapolis; gli snowboardcrosser che gareggeranno a Veysonnaz nel prossimo week-end e Simone Origone che prender\u00e0 parte alle gare di Formigal e Andorra per la Coppa del mondo di sci velocit\u00e0.<\/p>\n<p>\u201cNon \u00e8 stata certo una decisione facile da prendere \u2013 ha detto il Presidente FISI, Flavio Roda \u2013 ma \u00e8 una scelta necessaria per la tutela della salute di atleti e tecnici in questo momento di grande espansione del Covid &#8211; 19. Si tratta di una scelta responsabile che la Federazione assume, che probabilmente potr\u00e0 risultare penalizzante per molti atleti, soprattutto i pi\u00f9 giovani, ma che mi auguro possa permetterci di ripartire al pi\u00f9 presto, appena superata la fase dell\u2019emergenza sanitaria\u201d.<br \/>\n\u201cStiamo anche valutando compensazioni economiche per coloro che si sono esposti per l\u2019organizzazione di gare o altre situazioni particolari. In questo momento pensare alla tutela della salute \u00e8 il fattore pi\u00f9 importante\u201d.<\/p>\n<p><em><strong>Di conseguenza tutte le Manifestazioni Regionali e Nazionali, di qualsivoglia categoria e tipologia, dal 09\/03\/2020 al 03\/04\/2020 (compresi), sono state \u201cannullate\u201d sul sistema FisiOnline.<\/strong><\/em><\/p>\n<p><a href=\"http:\/\/comitati.fisi.org\/friuli-venezia-giulia\/wp-content\/uploads\/sites\/34\/2020\/03\/Presidenti-Club.pdf\">CLICCA QUI PER VISUALIZZARE LA LETTERA DEL PRESIDENTE RODA AGLI SCI CLUB<\/a><\/p>\n<p>&nbsp;<\/p>\n<p>https:\/\/www.facebook.com\/FISIFederazioneItalianaSportInvernali\/videos\/802473826913785\/<\/p>\n","protected":false},"excerpt":{"rendered":"<p>Sono sospesi allenamenti e\u200b\u00a0gare\u200b nonch\u00e9 tutte le iscrizioni a gare FIS in Italia e all&#8217;estero, di ogni ordine e disciplina, fino a data da destinarsi<\/p>\n","protected":false},"author":4,"featured_media":22739,"comment_status":"closed","ping_status":"closed","sticky":false,"template":"","format":"standard","meta":{"_acf_changed":false,"footnotes":""},"categories":[21,10,17],"tags":[],"acf":[],"_links":{"self":[{"href":"https:\/\/comitati.fisi.org\/friuli-venezia-giulia\/wp-json\/wp\/v2\/posts\/68338"}],"collection":[{"href":"https:\/\/comitati.fisi.org\/friuli-venezia-giulia\/wp-json\/wp\/v2\/posts"}],"about":[{"href":"https:\/\/comitati.fisi.org\/friuli-venezia-giulia\/wp-json\/wp\/v2\/types\/post"}],"author":[{"embeddable":true,"href":"https:\/\/comitati.fisi.org\/friuli-venezia-giulia\/wp-json\/wp\/v2\/users\/4"}],"replies":[{"embeddable":true,"href":"https:\/\/comitati.fisi.org\/friuli-venezia-giulia\/wp-json\/wp\/v2\/comments?post=68338"}],"version-history":[{"count":0,"href":"https:\/\/comitati.fisi.org\/friuli-venezia-giulia\/wp-json\/wp\/v2\/posts\/68338\/revisions"}],"wp:featuredmedia":[{"embeddable":true,"href":"https:\/\/comitati.fisi.org\/friuli-venezia-giulia\/wp-json\/wp\/v2\/media\/22739"}],"wp:attachment":[{"href":"https:\/\/comitati.fisi.org\/friuli-venezia-giulia\/wp-json\/wp\/v2\/media?parent=68338"}],"wp:term":[{"taxonomy":"category","embeddable":true,"href":"https:\/\/comitati.fisi.org\/friuli-venezia-giulia\/wp-json\/wp\/v2\/categories?post=68338"},{"taxonomy":"post_tag","embeddable":true,"href":"https:\/\/comitati.fisi.org\/friuli-venezia-giulia\/wp-json\/wp\/v2\/tags?post=68338"}],"curies":[{"name":"wp","href":"https:\/\/api.w.org\/{rel}","templated":true}]}}