{"id":68335,"date":"2020-03-08T17:06:36","date_gmt":"2020-03-08T16:06:36","guid":{"rendered":"https:\/\/www.fisifvg.org\/?p=68335"},"modified":"2020-03-08T17:06:36","modified_gmt":"2020-03-08T16:06:36","slug":"emanuele-buzzi-da-appuntamento-alla-prossima-stagione","status":"publish","type":"post","link":"https:\/\/comitati.fisi.org\/friuli-venezia-giulia\/blog\/2020\/03\/08\/emanuele-buzzi-da-appuntamento-alla-prossima-stagione\/","title":{"rendered":"Emanuele Buzzi d\u00e0 appuntamento alla prossima stagione"},"content":{"rendered":"<p><em><strong>Riportiamo quanto ha scritto oggi sul suo sito Emanuele Buzzi.<\/strong><\/em><\/p>\n<p><em>&#8220;A causa del maltempo, il superG di oggi qui a Kvitfjell non si \u00e8 disputato. E, dunque, la mia stagione di Coppa del mondo finisce qui. Le finali di Cortina, infatti, come noto non si disputeranno. La mia ultima gara della Coppa 2019-2020 \u00e8 stata dunque la discesa di ieri, portata a termine con un 36.mo posto che non mi soddisfa per nulla. Gi\u00e0 nelle due giornate di prove non ero riuscito a trovare il giusto feeling con la pista norvegese e in gara ho sbagliato troppo. La stagione del rientro si conclude dunque con un 33.mo posto finale nelle graduatoria di discesa e on un 19.mo in quella di superG. Un bilancio? Dico che rientrare dopo un lungo stop non \u00e8 stato semplice. Una valutazione approfondita su quello che \u00e8 andato e quello che non \u00e8 andato la far\u00f2, insieme a tecnici e preparatori, nelle prossime settimane, settimane che serviranno per mettere le basi all\u2019inverno 2020-2021. Intanto, mi auguro che la difficile situazione generale che si sta vivendo causa il coronavirus si possa risolvere al pi\u00f9 presto. Siamo un paese dalle mille risorse, sapremo tirare fuori il meglio anche in questa situazione!&#8221;.<\/em><\/p>\n<p><em><strong>(nella foto Pentaphoto, Emanuele Buzzi in azione ieri a Kvitfjell)<\/strong><\/em><\/p>\n","protected":false},"excerpt":{"rendered":"<p>Oggi causa maltempo non si \u00e8 disputato il superG di Coppa del Mondo di Kvitfjell<\/p>\n","protected":false},"author":4,"featured_media":68336,"comment_status":"closed","ping_status":"closed","sticky":false,"template":"","format":"standard","meta":{"_acf_changed":false,"footnotes":""},"categories":[10,15],"tags":[],"acf":[],"_links":{"self":[{"href":"https:\/\/comitati.fisi.org\/friuli-venezia-giulia\/wp-json\/wp\/v2\/posts\/68335"}],"collection":[{"href":"https:\/\/comitati.fisi.org\/friuli-venezia-giulia\/wp-json\/wp\/v2\/posts"}],"about":[{"href":"https:\/\/comitati.fisi.org\/friuli-venezia-giulia\/wp-json\/wp\/v2\/types\/post"}],"author":[{"embeddable":true,"href":"https:\/\/comitati.fisi.org\/friuli-venezia-giulia\/wp-json\/wp\/v2\/users\/4"}],"replies":[{"embeddable":true,"href":"https:\/\/comitati.fisi.org\/friuli-venezia-giulia\/wp-json\/wp\/v2\/comments?post=68335"}],"version-history":[{"count":0,"href":"https:\/\/comitati.fisi.org\/friuli-venezia-giulia\/wp-json\/wp\/v2\/posts\/68335\/revisions"}],"wp:featuredmedia":[{"embeddable":true,"href":"https:\/\/comitati.fisi.org\/friuli-venezia-giulia\/wp-json\/wp\/v2\/media\/68336"}],"wp:attachment":[{"href":"https:\/\/comitati.fisi.org\/friuli-venezia-giulia\/wp-json\/wp\/v2\/media?parent=68335"}],"wp:term":[{"taxonomy":"category","embeddable":true,"href":"https:\/\/comitati.fisi.org\/friuli-venezia-giulia\/wp-json\/wp\/v2\/categories?post=68335"},{"taxonomy":"post_tag","embeddable":true,"href":"https:\/\/comitati.fisi.org\/friuli-venezia-giulia\/wp-json\/wp\/v2\/tags?post=68335"}],"curies":[{"name":"wp","href":"https:\/\/api.w.org\/{rel}","templated":true}]}}