{"id":68262,"date":"2020-03-07T11:56:01","date_gmt":"2020-03-07T10:56:01","guid":{"rendered":"https:\/\/www.fisifvg.org\/?p=68262"},"modified":"2020-03-07T11:56:01","modified_gmt":"2020-03-07T10:56:01","slug":"martin-coradazzi-bronzo-ai-mondiali-under-23","status":"publish","type":"post","link":"https:\/\/comitati.fisi.org\/friuli-venezia-giulia\/blog\/2020\/03\/07\/martin-coradazzi-bronzo-ai-mondiali-under-23\/","title":{"rendered":"MARTIN CORADAZZI BRONZO AI MONDIALI UNDER 23!"},"content":{"rendered":"<p>Ancora una splendida notizia dai<strong> Mondiali giovanili di fondo<\/strong> di Oberwiesenthal, in Germania.<\/p>\n<p>Dopo i due bronzi conquistati da Davide Graz negli Juniores, oggi sale sul podio\u00a0<strong>Martin Coradazzi,<\/strong> che assieme a\u00a0<strong>Anna Comarella, Francesca Franchi e Simone Dapr\u00e0 \u00e8 giunto terzo nella staffetta mista Under 23!<\/strong><\/p>\n<p>L&#8217;Italia \u00e8 sempre stata in lotta per il podio, con Coradazzi molto bravo, dopo le belle prove anche di Comarella e Dapr\u00e0, a chiudere la frazione al quarto posto, in scia alla Germania, alle spalle della leader Norvegia (lontana 49&#8243;) e dalla Russia (10&#8243; pi\u00f9 avanti). Poi nell&#8217;ultima frazione la Franchi ha staccato la tedesca Rydzek, portando cos\u00ec il bronzo all&#8217;Italia. Per Martin il pi\u00f9 grande risultato della carriera in un Mondiale per lui splendido.<\/p>\n<p><a href=\"http:\/\/comitati.fisi.org\/friuli-venezia-giulia\/wp-content\/uploads\/sites\/34\/2020\/03\/87449204_546049512695788_8471394817480327168_o.jpg\"><img loading=\"lazy\" decoding=\"async\" class=\"aligncenter wp-image-68298\" src=\"http:\/\/comitati.fisi.org\/friuli-venezia-giulia\/wp-content\/uploads\/sites\/34\/2020\/03\/87449204_546049512695788_8471394817480327168_o-400x400.jpg\" alt=\"\" width=\"800\" height=\"533\" \/><\/a><\/p>\n<p>Successo alla Norvegia davanti alla Russia.<\/p>\n<p><em><a href=\"https:\/\/www.fisifvg.org\/wp-content\/uploads\/2020\/03\/FONDO-2019-Martin-Coradazzi2.jpg\"><img loading=\"lazy\" decoding=\"async\" class=\"alignright wp-image-68263\" src=\"https:\/\/www.fisifvg.org\/wp-content\/uploads\/2020\/03\/FONDO-2019-Martin-Coradazzi2-400x400.jpg\" alt=\"\" width=\"400\" height=\"205\" \/><\/a>&#8220;All&#8217;inizio del mondiale non sapevo cosa aspettarmi dopo un inizio di stagione un po&#8217; a rilento, sapevo che la forma doveva arrivare visto che avevamo lavorato molto tutto l&#8217;inverno sopratutto nel ritiro pre mondiale- <\/em>racconta <strong>Coradazzi<\/strong> &#8211;<em>. Prima della 15 km ero un po&#8217; teso ma concentrato e ho fatto una bella gara a classico, sempre nelle prime 15 posizioni per poi chiudere in 16a. Dopo aver rotto il ghiaccio con l&#8217;individuale ho trovato subito un feeling durante la 30 e mi sono attaccato al norvegese fino al 24 km per poi arrivare 10\u00b0. Dopo le due belle gare sapevo che in staffetta potevamo fare bene, ma non si pu\u00f2 mai dire visto che era la prima staffetta mista U23. Alla fine \u00e8 andata bene e torno a casa soddisfatto, con una motivazione e esperienza in pi\u00f9 che mi aiuter\u00e0 in futuro per alzare l&#8217;asticella, ci\u00f2 che serve per fare il salto di qualit\u00e0. Voglio ringraziare soprattutto i tecnici per il buon lavoro svolto durante tutto il mondiale; infatti con il meteo che cambiava in continuazione sono stati formidabili, sia il mio allenatore che tutto il Team Italiani, in grad di metterci nelle migliori condizioni per correre&#8221;.<\/em><\/p>\n<p>A Martin Coradazzi e ai suoi compagni di squadra vanno le congratulazioni del presidente della FISI FVG <strong>Maurizio Dunnhofer,<\/strong> del Consiglio Direttivo e di tutto il mondo dello sci regionale.<\/p>\n<p><a href=\"https:\/\/www.fis-ski.com\/DB\/general\/results.html?sectorcode=CC&amp;raceid=34676\">CLASSIFICA<\/a><\/p>\n<p><em><strong>(nella foto di copertina nell&#8217;ordine da sinistra Comarella, Dapr\u00e0, Coradazzi e Franchi)<\/strong><\/em><\/p>\n<p>https:\/\/www.facebook.com\/JWSC2020\/videos\/138106657527432\/?t=0<\/p>\n<p><span style=\"color: #ff0000\"><strong><br \/>\nPODI CAMPIONATI MONDIALI 2019-2020 ATLETI FVG<\/strong><\/span><\/p>\n<p><strong><span style=\"color: #808080\">ARGENTO<\/span><br \/>\n-LISA VITTOZZI\u00a0 Biathlon\u00a0 Staffetta mista\u00a0 (Anterselva-ITA, 13-2-2020)\u00a0 ASSOLUTI<\/strong><\/p>\n<p><span style=\"color: #993366\"><strong>BRONZO<\/strong><br \/>\n<\/span>-MARTIN CORADAZZI\u00a0 Fondo\u00a0 Staffetta mista\u00a0 (Oberwiesenthal-GER, 7-3-2020)\u00a0 UNDER 23<br \/>\n-DAVIDE GRAZ\u00a0 Fondo\u00a0 10 km TC\u00a0 (Oberwiesenthal-GER, 2-3-2020)\u00a0 JUNIORES<br \/>\n-DAVIDE GRAZ\u00a0 Fondo\u00a0 Staffetta 4&#215;5 km (Oberwiesenthal-GER, 6-2-2020)\u00a0 JUNIORES<\/p>\n<p>&nbsp;<\/p>\n<p><span style=\"color: #ff0000\"><strong>PODI COPPA DEL MONDO 2019-2020 ATLETI FVG<\/strong><\/span><\/p>\n<p><span style=\"color: #ff9900\"><strong>PRIMO POSTO<\/strong><\/span><br \/>\n<strong>-LISA VITTOZZI\u00a0 Biathlon\u00a0 Staffetta mista (Oestersund-SWE, 30-11-19)<\/strong><\/p>\n<p><span style=\"color: #808080\"><strong>SECONDO POSTO<\/strong><br \/>\n<\/span><strong>-LISA VITTOZZI\u00a0 Biathlon\u00a0 Mass Start\u00a0 (Pokljuka-SLO, 26-1-2020)<\/strong><\/p>\n<p><strong><span style=\"color: #993366\">TERZO POSTO<\/span><\/strong><br \/>\n<strong>-DANIELE CAPPELLARI\u00a0 Biathlon\u00a0 Staffetta maschile (Oestersund-SWE, 7-12-19)<\/strong><\/p>\n<p>&nbsp;<\/p>\n<p><span style=\"color: #ff0000\"><strong>MEDAGLIE CAMPIONATI ITALIANI ASSOLUTI E GIOVANILI 2019-2020 ATLETI FVG<\/strong><\/span><\/p>\n<p><span style=\"color: #ff9900\"><strong>ORO<br \/>\n<\/strong><\/span>-SARA SCATTOLO\u00a0 Biathlon\u00a0 Inseguimento\u00a0 U17<br \/>\n-MARTINA DI CENTA\u00a0 Fondo\u00a0 10 km TL\u00a0 U20<br \/>\n-DAVIDE GRAZ\u00a0 Fondo\u00a0 15 km TL\u00a0 U20<br \/>\n-GRETA PINZANI\u00a0 Combinata\u00a0 U16<br \/>\n-LUDOVICA DEL BIANCO\u00a0 Combinata\u00a0 U13<br \/>\n-LUDOVICA DEL BIANCO\u00a0 Salto\u00a0 U13<br \/>\n-LUDOVICA DEL BIANCO\u00a0 Salto\u00a0 U16<br \/>\n-GRETA PINZANI\u00a0 Salto\u00a0 U16<\/p>\n<p><strong><span style=\"color: #808080\">ARGENTO<\/span><br \/>\n<\/strong>-FABIO PILLER COTTRER\u00a0 Biathlon\u00a0 Sprint\u00a0 U19<br \/>\n-SOFIA DEL FABBRO &#8211; MAYA PIVIDORI &#8211; DESIREE RIBBI\u00a0 Biathlon\u00a0 Staffetta\u00a0 U15<br \/>\n-LUDOVICA DEL BIANCO\u00a0 Combinata\u00a0 U16<strong><br \/>\n-ALESSANDRO PITTIN\u00a0 Combinata\u00a0 Assoluti<br \/>\n<\/strong>-DAVIDE GRAZ\u00a0 Fondo\u00a0 Sprint TL\u00a0 U20<br \/>\n-LUCA KERER\u00a0 Fondo\u00a0 15 km TL\u00a0 U18<strong><br \/>\n<\/strong>-CRISTINA PITTIN\u00a0 Fondo\u00a0 Sprint TC\u00a0 U23<br \/>\n<strong>-FEDERICO CECON\u00a0 Salto\u00a0 Assoluti<br \/>\n<\/strong>-GRETA PINZANI\u00a0 Salto\u00a0 U16<br \/>\n-MARTINO ZAMBENEDETTI \u2013 GRETA PINZANI &#8211; LUDOVICA DEL BIANCO\u00a0 Salto a squadre\u00a0 U16<strong><br \/>\n<\/strong>-MARA MARTINI\u00a0 Sci alpinismo\u00a0 Sprint\u00a0 U23<\/p>\n<p><strong><span style=\"color: #993366\">BRONZO<br \/>\n<\/span><\/strong>-FABIO CAPPELLARI\u00a0 Biathlon\u00a0 Inseguimento\u00a0 U19<br \/>\n-SARA CESCO FABBRO\u00a0 Biathlon\u00a0 Inseguimento\u00a0 U22<br \/>\n-ASTRID PL\u00d6SCH\u00a0 Biathlon\u00a0 Inseguimento\u00a0 U17<br \/>\n-SARA SCATTOLO\u00a0 Biathlon\u00a0 Sprint\u00a0 U17<br \/>\n-ERIKA PINZANI\u00a0 Combinata\u00a0 U13<br \/>\n-MARTINA ZANITZER\u00a0 Combinata\u00a0 U16<br \/>\n-MARTINA DI CENTA\u00a0 Fondo\u00a0 Sprint TC\u00a0 U20<br \/>\n-ANDREA GARTNER\u00a0 Fondo\u00a0 Sprint TL\u00a0 U18<br \/>\n-CRISTINA PITTIN\u00a0 Fondo\u00a0 10 km TL\u00a0 U23<br \/>\n-ERIKA PINZANI\u00a0 Salto\u00a0 U13<br \/>\n-MARTINA ZANITZER\u00a0 Combinata\u00a0 U16<\/p>\n<p><em><strong>(in grassetto i titoli assoluti)<\/strong><\/em><\/p>\n","protected":false},"excerpt":{"rendered":"<p>Ancora una splendida notizia dai Mondiali giovanili di fondo di Oberwiesenthal, in Germania. Dopo i due bronzi conquistati da Davide Graz negli Juniores, oggi sale sul podio\u00a0Martin Coradazzi, che assieme a\u00a0Anna Comarella, Francesca Franchi e Simone Dapr\u00e0 \u00e8 giunto terzo nella staffetta mista Under 23! L&#8217;Italia \u00e8 sempre stata in lotta per il podio, con Coradazzi molto bravo, dopo le&hellip;<\/p>\n","protected":false},"author":4,"featured_media":68283,"comment_status":"closed","ping_status":"closed","sticky":false,"template":"","format":"standard","meta":{"_acf_changed":false,"footnotes":""},"categories":[10,11],"tags":[],"acf":[],"_links":{"self":[{"href":"https:\/\/comitati.fisi.org\/friuli-venezia-giulia\/wp-json\/wp\/v2\/posts\/68262"}],"collection":[{"href":"https:\/\/comitati.fisi.org\/friuli-venezia-giulia\/wp-json\/wp\/v2\/posts"}],"about":[{"href":"https:\/\/comitati.fisi.org\/friuli-venezia-giulia\/wp-json\/wp\/v2\/types\/post"}],"author":[{"embeddable":true,"href":"https:\/\/comitati.fisi.org\/friuli-venezia-giulia\/wp-json\/wp\/v2\/users\/4"}],"replies":[{"embeddable":true,"href":"https:\/\/comitati.fisi.org\/friuli-venezia-giulia\/wp-json\/wp\/v2\/comments?post=68262"}],"version-history":[{"count":0,"href":"https:\/\/comitati.fisi.org\/friuli-venezia-giulia\/wp-json\/wp\/v2\/posts\/68262\/revisions"}],"wp:featuredmedia":[{"embeddable":true,"href":"https:\/\/comitati.fisi.org\/friuli-venezia-giulia\/wp-json\/wp\/v2\/media\/68283"}],"wp:attachment":[{"href":"https:\/\/comitati.fisi.org\/friuli-venezia-giulia\/wp-json\/wp\/v2\/media?parent=68262"}],"wp:term":[{"taxonomy":"category","embeddable":true,"href":"https:\/\/comitati.fisi.org\/friuli-venezia-giulia\/wp-json\/wp\/v2\/categories?post=68262"},{"taxonomy":"post_tag","embeddable":true,"href":"https:\/\/comitati.fisi.org\/friuli-venezia-giulia\/wp-json\/wp\/v2\/tags?post=68262"}],"curies":[{"name":"wp","href":"https:\/\/api.w.org\/{rel}","templated":true}]}}