{"id":68179,"date":"2020-03-05T18:27:04","date_gmt":"2020-03-05T17:27:04","guid":{"rendered":"https:\/\/www.fisifvg.org\/?p=68179"},"modified":"2020-03-05T18:27:04","modified_gmt":"2020-03-05T17:27:04","slug":"sospesi-i-campionati-italiani-allievi-di-fondo-di-forni-avoltri","status":"publish","type":"post","link":"https:\/\/comitati.fisi.org\/friuli-venezia-giulia\/blog\/2020\/03\/05\/sospesi-i-campionati-italiani-allievi-di-fondo-di-forni-avoltri\/","title":{"rendered":"Sospesi i Campionati Italiani Allievi di fondo di Forni Avoltri"},"content":{"rendered":"<p><em><strong>Riceviamo e pubblichiamo il comunicato dell&#8217;organizzazione dei Campionati Italiani Allievi di fondo, inizialmente previsti da venerd\u00ec 6 a domenica 8 a Forni Avoltri.<\/strong><\/em><\/p>\n<p style=\"font-weight: 400\">\u00ab\u00c8 con grande dispiacere che siamo costretti a sospendere la manifestazione, che speriamo di poter recuperare non appena i vari divieti cadranno\u00bb. Il direttore di gara Mariano Malfitana \u00e8 molto dispiaciuto dopo la comunicazione che, in ottemperanza alle indicazioni del Governo e alla nota federale emanata dalla FISI, i Campionati Italiani Allievi di sci di fondo organizzati dal Bachmann Sport College, in collaborazione con lo Sci Cai Monte Lussari e lo Sci Club Weissenfels non potranno, almeno per il momento, essere disputati.<\/p>\n<p style=\"font-weight: 400\">In base a quanto stabilito nel Decreto del Presidente del Consiglio dei Ministri del 4 marzo 2020 per il contrasto e il contenimento del diffondersi del virus Covid-19, infatti, la Federazione Italiana Sport Invernali, ha deciso di sospendere fino al prossimo 3 aprile tutta l\u2019attivit\u00e0 sportiva delle categorie superbaby, baby, cuccioli, ragazzi e allievi oltre alle gare promozionali.<\/p>\n<p style=\"font-weight: 400\">Malfitana e tutti i suoi collaboratori, per\u00f2, non si arrendono e stanno gi\u00e0 guardando al futuro in maniera positiva: \u00abNon ci arrenderemo. Insieme agli amici del Tarvisiano e della Carnia stiamo pensando alla possibilit\u00e0 di recuperare le gare. La speranza \u00e8 che questo possa avvenire gi\u00e0 nel primo fine settimana di aprile. Ovviamente il tutto sar\u00e0 subordinato al fatto che l\u2019emergenza Covid-19 rientri consentendo a Governo e Federazione di togliere tutti i veti permettendo cos\u00ec ai nostri ragazzi di gareggiare in assoluta sicurezza e divertendosi\u00bb.<\/p>\n","protected":false},"excerpt":{"rendered":"<p>La speranza degli organizzatori \u00e8 che possano essere recuperati gi\u00e0 nel primo fine settimana di aprile<\/p>\n","protected":false},"author":4,"featured_media":32558,"comment_status":"closed","ping_status":"closed","sticky":false,"template":"","format":"standard","meta":{"_acf_changed":false,"footnotes":""},"categories":[10,11],"tags":[],"acf":[],"_links":{"self":[{"href":"https:\/\/comitati.fisi.org\/friuli-venezia-giulia\/wp-json\/wp\/v2\/posts\/68179"}],"collection":[{"href":"https:\/\/comitati.fisi.org\/friuli-venezia-giulia\/wp-json\/wp\/v2\/posts"}],"about":[{"href":"https:\/\/comitati.fisi.org\/friuli-venezia-giulia\/wp-json\/wp\/v2\/types\/post"}],"author":[{"embeddable":true,"href":"https:\/\/comitati.fisi.org\/friuli-venezia-giulia\/wp-json\/wp\/v2\/users\/4"}],"replies":[{"embeddable":true,"href":"https:\/\/comitati.fisi.org\/friuli-venezia-giulia\/wp-json\/wp\/v2\/comments?post=68179"}],"version-history":[{"count":0,"href":"https:\/\/comitati.fisi.org\/friuli-venezia-giulia\/wp-json\/wp\/v2\/posts\/68179\/revisions"}],"wp:featuredmedia":[{"embeddable":true,"href":"https:\/\/comitati.fisi.org\/friuli-venezia-giulia\/wp-json\/wp\/v2\/media\/32558"}],"wp:attachment":[{"href":"https:\/\/comitati.fisi.org\/friuli-venezia-giulia\/wp-json\/wp\/v2\/media?parent=68179"}],"wp:term":[{"taxonomy":"category","embeddable":true,"href":"https:\/\/comitati.fisi.org\/friuli-venezia-giulia\/wp-json\/wp\/v2\/categories?post=68179"},{"taxonomy":"post_tag","embeddable":true,"href":"https:\/\/comitati.fisi.org\/friuli-venezia-giulia\/wp-json\/wp\/v2\/tags?post=68179"}],"curies":[{"name":"wp","href":"https:\/\/api.w.org\/{rel}","templated":true}]}}