{"id":68172,"date":"2020-03-05T14:44:40","date_gmt":"2020-03-05T13:44:40","guid":{"rendered":"https:\/\/www.fisifvg.org\/?p=68172"},"modified":"2020-03-05T14:44:40","modified_gmt":"2020-03-05T13:44:40","slug":"emanuele-buzzi-studia-la-pista-nella-prima-prova-della-discesa-di-kvitfjell","status":"publish","type":"post","link":"https:\/\/comitati.fisi.org\/friuli-venezia-giulia\/blog\/2020\/03\/05\/emanuele-buzzi-studia-la-pista-nella-prima-prova-della-discesa-di-kvitfjell\/","title":{"rendered":"Emanuele Buzzi studia la pista nella prima prova della discesa di Kvitfjell"},"content":{"rendered":"<p>La prima prova di discesa a Kvitfjell, in Norvegia, ha ufficialmente dato il via all&#8217;ultimo weekend di velocit\u00e0 della Coppa del Mondo maschile prima delle finali di Cortina. A mettersi in grande evidenza \u00e8 stato Aleksander Kilde, secondo nella generale e in lotta per la sfera di cristallo con Henrik Kristoffersen ed Alexis Pinturault, adesso in vantaggio di 26 lunghezze: il norvegese ha stampato un tempo super staccando di ben 87 centesimi lo svizzero Cedric Ochsner, secondo con il pettorale numero 56. Subito dietro c&#8217;\u00e8 il francese Nicolas Raffort, anche lui partito con un pettorale molto alto ed attardato di 94 centesimi.<\/p>\n<p>L&#8217;andamento chiaro, con la pista che \u00e8 andata man mano velocizzandosi grazie al sole, \u00e8 stato confermato anche dall&#8217;undicesimo posto di Alexander Prast: il 23enne dei carabinieri ha chiuso a sei decimi dal podio recuperando molto nella parte finale. Ad inseguirlo da vicino Mattia Casse, dodicesimo e distante appena un centesimo: il 30enne nato a Moncalieri \u00e8 stato a lungo in linea con i migliori salvo poi perdere qualcosa nei due intermedi conclusivi. Chiude il trittico azzurro Matteo Marsaglia, tredicesimo a 1&#8243;55 dal leader.<\/p>\n<p>Pi\u00f9 indietro tutti gli altri: Florian Schieder \u00e8 33esimo, cinque piazze davanti a Guglielmo Bosca, mentre \u00e8 <strong>cinquantesimo Emanuele Buzzi<\/strong> a 3&#8243;19 da Kilde. Davide Cazzaniga \u00e8 invece 58esimo. Nella giornata di venerd\u00ec \u00e8 programmata una nuova prova di discesa.<\/p>\n<p>Ordine d&#8217;arrivo 1a prova DH maschile Cdm Kvitfjell (Nor):<br \/>\n1. KILDE Aleksander Aamodt NOR 1:48.87<br \/>\n2. OCHSNER Cedric SUI +0.87<br \/>\n3. RAFFORT Nicolas FRA +0.94<br \/>\n4. JANSRUD Kjetil NOR +1:04<br \/>\n5. JANKA Carlo SUI +1.25<br \/>\n6. ALLEGRE Nils FRA +1.27<br \/>\n7. ALEXANDER Cameron CAN +1.31<br \/>\n7. NYMAN Steven USA +1.31<br \/>\n9. WALDER Christian AUT +1.32<br \/>\n10. CAVIEZEL Mauro SUI +1.47<\/p>\n<p><strong>11. PRAST Alexander ITA +1.53<\/strong><br \/>\n<strong>12. CASSE Mattia ITA +1.54<\/strong><br \/>\n<strong>13. MARSAGLIA Matteo ITA +1.55<\/strong><br \/>\n<strong>33. SCHIEDER Florian ITA +2.36<\/strong><br \/>\n<strong>38. BOSCA Guglielmo ITA +2.41<\/strong><br \/>\n<strong>50. BUZZI Emanuele ITA +3.19<\/strong><br \/>\n<strong>58. CAZZANIGA Davide ITA +4.20<\/strong><\/p>\n","protected":false},"excerpt":{"rendered":"<p>Partito uffficialmente l&#8217;ultimo weekend di velocit\u00e0 della Coppa del Mondo maschile prima delle finali di Cortina<\/p>\n","protected":false},"author":4,"featured_media":65558,"comment_status":"closed","ping_status":"closed","sticky":false,"template":"","format":"standard","meta":{"_acf_changed":false,"footnotes":""},"categories":[15],"tags":[],"acf":[],"_links":{"self":[{"href":"https:\/\/comitati.fisi.org\/friuli-venezia-giulia\/wp-json\/wp\/v2\/posts\/68172"}],"collection":[{"href":"https:\/\/comitati.fisi.org\/friuli-venezia-giulia\/wp-json\/wp\/v2\/posts"}],"about":[{"href":"https:\/\/comitati.fisi.org\/friuli-venezia-giulia\/wp-json\/wp\/v2\/types\/post"}],"author":[{"embeddable":true,"href":"https:\/\/comitati.fisi.org\/friuli-venezia-giulia\/wp-json\/wp\/v2\/users\/4"}],"replies":[{"embeddable":true,"href":"https:\/\/comitati.fisi.org\/friuli-venezia-giulia\/wp-json\/wp\/v2\/comments?post=68172"}],"version-history":[{"count":0,"href":"https:\/\/comitati.fisi.org\/friuli-venezia-giulia\/wp-json\/wp\/v2\/posts\/68172\/revisions"}],"wp:featuredmedia":[{"embeddable":true,"href":"https:\/\/comitati.fisi.org\/friuli-venezia-giulia\/wp-json\/wp\/v2\/media\/65558"}],"wp:attachment":[{"href":"https:\/\/comitati.fisi.org\/friuli-venezia-giulia\/wp-json\/wp\/v2\/media?parent=68172"}],"wp:term":[{"taxonomy":"category","embeddable":true,"href":"https:\/\/comitati.fisi.org\/friuli-venezia-giulia\/wp-json\/wp\/v2\/categories?post=68172"},{"taxonomy":"post_tag","embeddable":true,"href":"https:\/\/comitati.fisi.org\/friuli-venezia-giulia\/wp-json\/wp\/v2\/tags?post=68172"}],"curies":[{"name":"wp","href":"https:\/\/api.w.org\/{rel}","templated":true}]}}