{"id":68140,"date":"2020-03-04T14:56:36","date_gmt":"2020-03-04T13:56:36","guid":{"rendered":"https:\/\/www.fisifvg.org\/?p=68140"},"modified":"2020-03-04T14:56:36","modified_gmt":"2020-03-04T13:56:36","slug":"alessandro-pittin-al-via-dellultima-gara-della-coppa-del-mondo-di-combinata","status":"publish","type":"post","link":"https:\/\/comitati.fisi.org\/friuli-venezia-giulia\/blog\/2020\/03\/04\/alessandro-pittin-al-via-dellultima-gara-della-coppa-del-mondo-di-combinata\/","title":{"rendered":"Alessandro Pittin al via dell&#8217;ultima gara della Coppa del Mondo di combinata"},"content":{"rendered":"<p>La <strong>Coppa del Mondo 2019\/2020 di combinata nordica<\/strong> \u00e8 giunta alla conclusione. Sabato 7 marzo ad Oslo andr\u00e0 in scena la ventesima ed ultima Gundersen della stagione dopo l&#8217;annullamento della tappa tedesca di Schonach, prevista inizialmente per il weekend del 13-15 marzo. Sar\u00e0 principalmente la gara dei saluti considerando che tutti i verdetti sono gi\u00e0 stati proclamati. Il norvegese Jarl Riiber, vero dominatore della stagione, ha vinto con ampio margine la sfera di cristallo, chiudendo inoltre davanti a tutti la speciale graduatoria dedicata ai migliori saltatori. Il best skier della stagione \u00e8 invece il finlandese Ilkka Herola, bravo nell&#8217;anticipare l&#8217;azzurro <strong>Alessandro Pittin <em>(nella foto<\/em>)<\/strong>, sempre molto performante sugli sci. Il 30enne delle Fiamme Gialle cercher\u00e0 di chiudere al meglio centrando un risultato prestigioso sul tracciato scandinavo dove sar\u00e0 presente anche il compagno di squadra Samuel Costa. I due parteciperanno prima al consueto Provisional Competition Round nella giornata di venerd\u00ec, e poi saranno al via della Gundersen di sabato il cui start \u00e8 previsto per le ore 10 con il salto dal trampolino HS134. Seguir\u00e0 il fondo alle ore 14,20.<\/p>\n","protected":false},"excerpt":{"rendered":"<p>Sabato 7 appuntamento a Oslo, prova anticipata il giorno precedente dal Provisional Competition Round<\/p>\n","protected":false},"author":4,"featured_media":64448,"comment_status":"closed","ping_status":"closed","sticky":false,"template":"","format":"standard","meta":{"_acf_changed":false,"footnotes":""},"categories":[14],"tags":[],"acf":[],"_links":{"self":[{"href":"https:\/\/comitati.fisi.org\/friuli-venezia-giulia\/wp-json\/wp\/v2\/posts\/68140"}],"collection":[{"href":"https:\/\/comitati.fisi.org\/friuli-venezia-giulia\/wp-json\/wp\/v2\/posts"}],"about":[{"href":"https:\/\/comitati.fisi.org\/friuli-venezia-giulia\/wp-json\/wp\/v2\/types\/post"}],"author":[{"embeddable":true,"href":"https:\/\/comitati.fisi.org\/friuli-venezia-giulia\/wp-json\/wp\/v2\/users\/4"}],"replies":[{"embeddable":true,"href":"https:\/\/comitati.fisi.org\/friuli-venezia-giulia\/wp-json\/wp\/v2\/comments?post=68140"}],"version-history":[{"count":0,"href":"https:\/\/comitati.fisi.org\/friuli-venezia-giulia\/wp-json\/wp\/v2\/posts\/68140\/revisions"}],"wp:featuredmedia":[{"embeddable":true,"href":"https:\/\/comitati.fisi.org\/friuli-venezia-giulia\/wp-json\/wp\/v2\/media\/64448"}],"wp:attachment":[{"href":"https:\/\/comitati.fisi.org\/friuli-venezia-giulia\/wp-json\/wp\/v2\/media?parent=68140"}],"wp:term":[{"taxonomy":"category","embeddable":true,"href":"https:\/\/comitati.fisi.org\/friuli-venezia-giulia\/wp-json\/wp\/v2\/categories?post=68140"},{"taxonomy":"post_tag","embeddable":true,"href":"https:\/\/comitati.fisi.org\/friuli-venezia-giulia\/wp-json\/wp\/v2\/tags?post=68140"}],"curies":[{"name":"wp","href":"https:\/\/api.w.org\/{rel}","templated":true}]}}