{"id":68136,"date":"2020-03-04T14:50:48","date_gmt":"2020-03-04T13:50:48","guid":{"rendered":"https:\/\/www.fisifvg.org\/?p=68136"},"modified":"2020-03-04T14:50:48","modified_gmt":"2020-03-04T13:50:48","slug":"doppio-impegno-di-coppa-del-mondo-in-norvegia-per-emanuele-buzzi","status":"publish","type":"post","link":"https:\/\/comitati.fisi.org\/friuli-venezia-giulia\/blog\/2020\/03\/04\/doppio-impegno-di-coppa-del-mondo-in-norvegia-per-emanuele-buzzi\/","title":{"rendered":"Doppio impegno di Coppa del Mondo in Norvegia per Emanuele Buzzi"},"content":{"rendered":"<p>Sar\u00e0 Kvitfjell ad ospitare l&#8217;ultima tappa della <strong>Coppa del Mondo maschile di sci alpino<\/strong> dedicata alla velocit\u00e0 prima delle finali di Cortina. Nel prossimo weekend infatti, la localit\u00e0 norvegese sar\u00e0 teatro di una discesa (sabato 7) e di un superG (domenica 8), dove saranno impegnati otto azzurri.<br \/>\nSi tratta di Guglielmo Bosca, <strong>Emanuele Buzzi <em>(nella foto)<\/em>,<\/strong> Mattia Casse, Davide Cazzaniga, Christof Innerhofer, Matteo Marsaglia, Alexander Prast e Florian Schieder. Assente per infortunio Dominik Paris, capace di vincere per ben tre volte a Kvitfjell (2 i trionfi nella scorsa stagione oltre a quello del 2016).<br \/>\nNel 2017 invece, a lasciare il segno fu Peter Fill, il quale si impose nel superG dopo aver conquistato il secondo gradino del podio in discesa. Nel complesso la squadra azzurra ha centrato ben 22 podi nella localit\u00e0 norvegese, tra i quali spiccano otto vittorie. La quattro giorni di gare inizier\u00e0 con due prove di discesa programmate per il 5 e 6 marzo, l&#8217;antipasto della discesa e del superG di scena nel weekend.<\/p>\n","protected":false},"excerpt":{"rendered":"<p>Sar\u00e0 Kvitfjell ad ospitare l&#8217;ultima tappa dedicata alla velocit\u00e0 prima delle finali di Cortina<\/p>\n","protected":false},"author":4,"featured_media":67968,"comment_status":"closed","ping_status":"closed","sticky":false,"template":"","format":"standard","meta":{"_acf_changed":false,"footnotes":""},"categories":[15],"tags":[],"acf":[],"_links":{"self":[{"href":"https:\/\/comitati.fisi.org\/friuli-venezia-giulia\/wp-json\/wp\/v2\/posts\/68136"}],"collection":[{"href":"https:\/\/comitati.fisi.org\/friuli-venezia-giulia\/wp-json\/wp\/v2\/posts"}],"about":[{"href":"https:\/\/comitati.fisi.org\/friuli-venezia-giulia\/wp-json\/wp\/v2\/types\/post"}],"author":[{"embeddable":true,"href":"https:\/\/comitati.fisi.org\/friuli-venezia-giulia\/wp-json\/wp\/v2\/users\/4"}],"replies":[{"embeddable":true,"href":"https:\/\/comitati.fisi.org\/friuli-venezia-giulia\/wp-json\/wp\/v2\/comments?post=68136"}],"version-history":[{"count":0,"href":"https:\/\/comitati.fisi.org\/friuli-venezia-giulia\/wp-json\/wp\/v2\/posts\/68136\/revisions"}],"wp:featuredmedia":[{"embeddable":true,"href":"https:\/\/comitati.fisi.org\/friuli-venezia-giulia\/wp-json\/wp\/v2\/media\/67968"}],"wp:attachment":[{"href":"https:\/\/comitati.fisi.org\/friuli-venezia-giulia\/wp-json\/wp\/v2\/media?parent=68136"}],"wp:term":[{"taxonomy":"category","embeddable":true,"href":"https:\/\/comitati.fisi.org\/friuli-venezia-giulia\/wp-json\/wp\/v2\/categories?post=68136"},{"taxonomy":"post_tag","embeddable":true,"href":"https:\/\/comitati.fisi.org\/friuli-venezia-giulia\/wp-json\/wp\/v2\/tags?post=68136"}],"curies":[{"name":"wp","href":"https:\/\/api.w.org\/{rel}","templated":true}]}}