{"id":68082,"date":"2020-03-02T17:07:04","date_gmt":"2020-03-02T16:07:04","guid":{"rendered":"https:\/\/www.fisifvg.org\/?p=68082"},"modified":"2020-03-02T17:07:04","modified_gmt":"2020-03-02T16:07:04","slug":"i-convocati-fisi-fvg-per-i-campionati-italiani-allievi-di-fondo-a-forni-avoltri","status":"publish","type":"post","link":"https:\/\/comitati.fisi.org\/friuli-venezia-giulia\/blog\/2020\/03\/02\/i-convocati-fisi-fvg-per-i-campionati-italiani-allievi-di-fondo-a-forni-avoltri\/","title":{"rendered":"I convocati FISI FVG per i Campionati Italiani Allievi di fondo a Forni Avoltri"},"content":{"rendered":"<p>Sono 23, pi\u00f9 quattro riserve, i fondisti FISI FVG convocati dalla coordinatrice Lorella Baron e dal direttore tecnico Francesco Silverio per i <a href=\"https:\/\/www.fisifvg.org\/2020\/02\/28\/i-campionati-italiani-allievi-di-fondo-spostati-da-tarvisio-a-forni-avoltri\/\">Campionati Italiani Allievi di sci di fondo, in programma da venerd\u00ec 6 a domenica 8 marzo alla Carnia Arena di Piani di Luzza, a Forni Avoltri, per l&#8217;organizzazione del Bachmann Sport Colleg<\/a>e.<\/p>\n<p><strong>SETTORE FEMMINILE<\/strong><\/p>\n<p>1 Baron Aurora 2005 U.S. Aldo Moro Paluzza<br \/>\n2 Cacitti Giada 2005 U.S. Aldo Moro Paluzza<br \/>\n3 Ferrari Beatrice 2005 Bachmann Sport College<br \/>\n4 Morassi Aurora 2004 A.S.D. Timau Cleulis<br \/>\n5 Nevierov Sophie 2005 Bachmann Sport College<br \/>\n6 Piller Cottrer Marta 2005 A.S. Camosci Sappada<br \/>\n7 Ploesch Astrid 2004 S.C. Weissenfels<br \/>\n8 Polo Sofia 2005 S.S. Fornese<br \/>\n9 Romanin Giorgia 2005 G.S. Edelweiss<br \/>\n10 Tessarolo Francesca 2004 S.C. Weissenfels<br \/>\n<em>Antonipieri Benedetta 2005 Bachmann Sport College 1a riserva<\/em><br \/>\n<em>Scaramuzza Sara 2005 S.C. Panorama 2a riserva<\/em><\/p>\n<p><strong>SETTORE MASCHILE<\/strong><\/p>\n<p>1 Adami Michele 2004 G.S. Edelweiss<br \/>\n2 Baldissarutti Gabriele 2005 A.S. Camosci Sappada<br \/>\n3 Belcari Patrick 2005 Bachmann Sport College<br \/>\n4 Blanzan Fabio 2004 U.S. Aldo Moro Paluzza<br \/>\n5 Cesco Fabbro Francesco 2005 A.S. Camosci Sappada<br \/>\n6 Clama Cristian 2005 A.S.D. Timau Cleulis<br \/>\n7 Flora Federico 2005 A.S.D. Timau Cleulis<br \/>\n8 Gaudenzio Marco 2004 Bachmann Sport College<br \/>\n9 Musolla Davide 2005 S.C. Panorama<br \/>\n10 Perissutti Alex 2004 S.S. Fornese<br \/>\n11 Preschern Lorenzo 2004 Sci Cai M.te Lussari<br \/>\n12 Puntel Tobias 2005 A.S.D. Timau Cleulis<br \/>\n13 Tarussio Giacomo 2004 U.S. Aldo Moro Paluzza<br \/>\n<em>Lozza Cesare 2004 S.S. Fornese 1a riserva<\/em><br \/>\n<em>Pittin Mattia 2004 A.S. M.te Coglians 2a riserva<\/em><\/p>\n<p>&nbsp;<\/p>\n<p><strong>IL COMUNICATO STAMPA DELL&#8217;ORGANIZZAZIONE<br \/>\n<\/strong><br \/>\n<span style=\"font-weight: 400\">L\u2019emergenza legata all\u2019epidemia Covid-19 non ferma l\u2019attivit\u00e0 sportiva nel Friuli Venezia Giulia. Come previsto dal nuovo decreto ministeriale, infatti, da oggi sono decadute tutte le limitazioni che avevano portato alla sospensione di tutte le manifestazioni sportive tra cui anche quelle inserite nel calendario federale della Federazione Italiana Sport Invernali. Pur rimanendo valide le indicazioni in materia di tutela sanitaria impartite sul territorio, si pu\u00f2 dunque affermare ufficialmente che \u2013 salvo indicazioni differenti da parte delle autorit\u00e0 territoriali \u2013 \u00e8 confermata nella nostra regione la disputa dei Campionati Italiani Allievi di sci di fondo che si svolgeranno da venerd\u00ec 6 a domenica 8 marzo.\u00a0<\/span><\/p>\n<p><span style=\"font-weight: 400\">A causa di problemi legati a un innevamento non idoneo, per\u00f2, \u00e8 variata la localit\u00e0 in cui si svolger\u00e0 la manifestazione organizzata dal Liceo per gli sport invernali Bachmann Sport College in collaborazione con lo Sci Cai Monte Lussari di Tarvisio e lo Sci Club Weissenfels di Fusine: ad ospitare l\u2019evento non sar\u00e0 pi\u00f9 l\u2019\u201dArena Paruzzi\u201d di Tarvisio, bens\u00ec il centro federale \u201cCarnia Arena International Biathlon Centre\u201d di Piani di Luzza, a Forni Avoltri.\u00a0<\/span><\/p>\n<p><em><span style=\"font-weight: 400\">\u00abSono molto dispiaciuto di non poter mantenere le gare a Tarvisio \u2013 <\/span><\/em><span style=\"font-weight: 400\">fa sapere Mariano Malfitana, direttore di gara<\/span><em><span style=\"font-weight: 400\"> \u2013 perch\u00e9 avevamo preparato tutto al meglio grazie alla collaborazione del Comune di Tarvisio, di PromoTurismo FVG e dei vari club coinvolti. Purtroppo nelle ultime due settimane, a causa di temperature quasi costantemente sopra lo zero anche durante le ore notturne, non \u00e8 stato possibile innevare a sufficienza l\u2019\u201dArena Paruzzi\u201d. Abbiamo avuto la disponibilit\u00e0 del centro federale di Piani di Luzza, del Comune di Forni Avolti e dello Sci Club Monte Coglians che ringraziamo di cuore sia per la gentilezza sia per essersi subito messi a disposizione affinch\u00e9 la manifestazione potesse comunque svolgersi. Questo \u00e8 un grande segnale dell\u2019ottima collaborazione esistente nella nostra regione tra i club che si dedicano allo sci di fondo e che, ancora una volta, hanno fatto sistema in maniera efficace. Solo un paio di settimane fa, infatti, era stata Tarvisio a offrire allo Sci Club Panorama la propria disponibilit\u00e0 per ospitare alcune gare di altissimo livello di Alpen Cup che, sempre a causa della mancanza di neve, non era stato possibile svolgere nella sede designata di Piancavallo\u00bb.\u00a0<\/span><\/em><\/p>\n<p><span style=\"font-weight: 400\">Tutto confermato per quanto riguarda il programma delle gare che vedranno la partecipazione di circa duecento atleti provenienti da tutta Italia e che avranno quale madrina l\u2019atleta olimpica Gabriella Paruzzi.<\/span><\/p>\n<p><b>Gioved\u00ec 5 marzo <\/b><span style=\"font-weight: 400\">&#8211; dalle ore 9.30 alle ore 16.30 allenamenti &#8211; ore 18.00 riunione dei capi squadra\u00a0<\/span><\/p>\n<p><b>Venerd\u00ec 6 marzo <\/b><span style=\"font-weight: 400\">&#8211; ore 9.30 partenza GIMKANA XCX TL &#8211; ore 18.30 riunione dei capi squadra\u00a0<\/span><\/p>\n<p><b>Sabato 7 marzo <\/b><span style=\"font-weight: 400\">&#8211; ore 9.30 partenza GARA INDIVIDUALE TC femminile (5 km) e maschile (7,5 km) &#8211; ore 17.30 riunione capi squadra\u00a0<\/span><\/p>\n<p><b>Domenica 8 marzo <\/b><span style=\"font-weight: 400\">&#8211; ore 9.30 partenza STAFFETTA TL femminile (3&#215;4 km) e maschile (3&#215;5 km).\u00a0<\/span><\/p>\n<p><span style=\"font-weight: 400\">Si ricorda che in conformit\u00e0 a quanto deciso dalla normativa vigente e nel rispetto delle indicazioni in materia di tutela sanitaria impartite sul territorio dalle autorit\u00e0 locali, gli organizzatori saranno impegnati a limitare il pi\u00f9 possibile i contatti fisici tra le persone, che le premiazioni saranno effettuate direttamente sul campo di gara mantenendo il pubblico e i media a debita distanza dagli atleti e che sar\u00e0 garantita la necessaria distanza nell\u2019accesso e nel deflusso degli atleti e dei tecnici alla pista di gara attraverso cordoni che evitino contatti diretti con il pubblico.\u00a0<\/span><\/p>\n<p><em><strong>(nella foto il gruppo Ragazzi\/Allievi presenti a fine dicembre al raduno di Sappada)<\/strong><\/em><\/p>\n","protected":false},"excerpt":{"rendered":"<p>Sono 23, pi\u00f9 quattro riserve, i fondisti selezionati dalla coordinatrice Lorella Baron e dal direttore tecnico Francesco Silverio<\/p>\n","protected":false},"author":4,"featured_media":63926,"comment_status":"closed","ping_status":"closed","sticky":false,"template":"","format":"standard","meta":{"_acf_changed":false,"footnotes":""},"categories":[10,11],"tags":[],"acf":[],"_links":{"self":[{"href":"https:\/\/comitati.fisi.org\/friuli-venezia-giulia\/wp-json\/wp\/v2\/posts\/68082"}],"collection":[{"href":"https:\/\/comitati.fisi.org\/friuli-venezia-giulia\/wp-json\/wp\/v2\/posts"}],"about":[{"href":"https:\/\/comitati.fisi.org\/friuli-venezia-giulia\/wp-json\/wp\/v2\/types\/post"}],"author":[{"embeddable":true,"href":"https:\/\/comitati.fisi.org\/friuli-venezia-giulia\/wp-json\/wp\/v2\/users\/4"}],"replies":[{"embeddable":true,"href":"https:\/\/comitati.fisi.org\/friuli-venezia-giulia\/wp-json\/wp\/v2\/comments?post=68082"}],"version-history":[{"count":0,"href":"https:\/\/comitati.fisi.org\/friuli-venezia-giulia\/wp-json\/wp\/v2\/posts\/68082\/revisions"}],"wp:featuredmedia":[{"embeddable":true,"href":"https:\/\/comitati.fisi.org\/friuli-venezia-giulia\/wp-json\/wp\/v2\/media\/63926"}],"wp:attachment":[{"href":"https:\/\/comitati.fisi.org\/friuli-venezia-giulia\/wp-json\/wp\/v2\/media?parent=68082"}],"wp:term":[{"taxonomy":"category","embeddable":true,"href":"https:\/\/comitati.fisi.org\/friuli-venezia-giulia\/wp-json\/wp\/v2\/categories?post=68082"},{"taxonomy":"post_tag","embeddable":true,"href":"https:\/\/comitati.fisi.org\/friuli-venezia-giulia\/wp-json\/wp\/v2\/tags?post=68082"}],"curies":[{"name":"wp","href":"https:\/\/api.w.org\/{rel}","templated":true}]}}