{"id":67924,"date":"2020-03-01T15:42:19","date_gmt":"2020-03-01T14:42:19","guid":{"rendered":"https:\/\/www.fisifvg.org\/?p=67924"},"modified":"2020-03-01T15:42:19","modified_gmt":"2020-03-01T14:42:19","slug":"inizio-settimana-sullo-zoncolan-con-giganti-fis-maschili","status":"publish","type":"post","link":"https:\/\/comitati.fisi.org\/friuli-venezia-giulia\/blog\/2020\/03\/01\/inizio-settimana-sullo-zoncolan-con-giganti-fis-maschili\/","title":{"rendered":"Al gigante FIS dello Zoncolan presenti anche Vinatzer, Vaccari e Sala"},"content":{"rendered":"<p>Prende il via la due giorni FIS maschile organizzata sullo Zoncolan dal Cimenti Sci Carnia: lunedi 2 e martedi 3 marzo sono previsti due slalom giganti maschili, che assegneranno il Gran Premio Resnova Pavimenti e il Gran Premio Piussi Legnami e Tetti in Legno.<\/p>\n<p>Sono 113 i partenti, tra i quali nomi noti come Alex Vinatzer, Tommaso Sala, il triestino Pietro Canzio, Alex Zingerle e il pontebbano Hans Vaccari, oltre alla squadra di Comitato FISI FVG.<\/p>\n<p>Sar\u00e0 cura del Consorzio Turistico Silent Alps provvedere al soggiorno di tutti gli atleti, accompagnatori e\u00a0 capisquadra presso le strutture alberghiere di Arta Terme, la cui Amministrazione Comunale ha offerto il<br \/>\npatrocinio e il sostegno alle 4 gare FIS curate dallo sci club tolmezzino. Infatti il polo sciistico dello Zoncolan ospiter\u00e0 anche due prove FIS NJR in programma il 6 e il 7 marzo.<\/p>\n<p>La prima gara, quella di luned\u00ec 2 marzo, prender\u00e0 il via con la prima manche alle 9, mentre la seconda si svolger\u00e0 alle 12.15.<\/p>\n<p><a href=\"http:\/\/comitati.fisi.org\/friuli-venezia-giulia\/wp-content\/uploads\/sites\/34\/2020\/02\/START-LIST-3.pdf\">START LIST<\/a><br \/>\n<a href=\"http:\/\/comitati.fisi.org\/friuli-venezia-giulia\/wp-content\/uploads\/sites\/34\/2020\/02\/Programma-Zoncolan-2-Marzo-2020.docx\">Programma 2 marzo<\/a><\/p>\n<p><em><strong>(nella foto Alex Vinatzer)<\/strong><\/em><\/p>\n","protected":false},"excerpt":{"rendered":"<p>Organizza il Cimenti Sci Carnia, prima gara luned\u00ec 2 marzo<\/p>\n","protected":false},"author":4,"featured_media":68029,"comment_status":"closed","ping_status":"closed","sticky":false,"template":"","format":"standard","meta":{"_acf_changed":false,"footnotes":""},"categories":[15],"tags":[],"acf":[],"_links":{"self":[{"href":"https:\/\/comitati.fisi.org\/friuli-venezia-giulia\/wp-json\/wp\/v2\/posts\/67924"}],"collection":[{"href":"https:\/\/comitati.fisi.org\/friuli-venezia-giulia\/wp-json\/wp\/v2\/posts"}],"about":[{"href":"https:\/\/comitati.fisi.org\/friuli-venezia-giulia\/wp-json\/wp\/v2\/types\/post"}],"author":[{"embeddable":true,"href":"https:\/\/comitati.fisi.org\/friuli-venezia-giulia\/wp-json\/wp\/v2\/users\/4"}],"replies":[{"embeddable":true,"href":"https:\/\/comitati.fisi.org\/friuli-venezia-giulia\/wp-json\/wp\/v2\/comments?post=67924"}],"version-history":[{"count":0,"href":"https:\/\/comitati.fisi.org\/friuli-venezia-giulia\/wp-json\/wp\/v2\/posts\/67924\/revisions"}],"wp:featuredmedia":[{"embeddable":true,"href":"https:\/\/comitati.fisi.org\/friuli-venezia-giulia\/wp-json\/wp\/v2\/media\/68029"}],"wp:attachment":[{"href":"https:\/\/comitati.fisi.org\/friuli-venezia-giulia\/wp-json\/wp\/v2\/media?parent=67924"}],"wp:term":[{"taxonomy":"category","embeddable":true,"href":"https:\/\/comitati.fisi.org\/friuli-venezia-giulia\/wp-json\/wp\/v2\/categories?post=67924"},{"taxonomy":"post_tag","embeddable":true,"href":"https:\/\/comitati.fisi.org\/friuli-venezia-giulia\/wp-json\/wp\/v2\/tags?post=67924"}],"curies":[{"name":"wp","href":"https:\/\/api.w.org\/{rel}","templated":true}]}}