{"id":67899,"date":"2020-02-27T13:36:39","date_gmt":"2020-02-27T12:36:39","guid":{"rendered":"https:\/\/www.fisifvg.org\/?p=67899"},"modified":"2020-02-27T13:36:39","modified_gmt":"2020-02-27T12:36:39","slug":"pittin-e-buzzi-in-finlandia-per-la-terzultima-tappa-della-coppa-del-mondo-di-combinata","status":"publish","type":"post","link":"https:\/\/comitati.fisi.org\/friuli-venezia-giulia\/blog\/2020\/02\/27\/pittin-e-buzzi-in-finlandia-per-la-terzultima-tappa-della-coppa-del-mondo-di-combinata\/","title":{"rendered":"Pittin e Buzzi in Finlandia per la terzultima tappa della Coppa del Mondo di combinata"},"content":{"rendered":"<p><strong>Alessandro Pittin,<\/strong> Samuel Costa e<strong> Raffaele Buzzi<\/strong>. Sono loro i tre convocati del direttore tecnico Federico Rigoni in vista dell&#8217;appuntamento di Lahti (Finlandia), terzultima tappa della Coppa del Mondo di combinata, al via venerd\u00ec 28 febbraio con il consueto Provisional Competition Round. Solo sabato per\u00f2, si entrer\u00e0 nel vivo con la Team Sprint (ore 10), seguita dalla Gundersen programmata per la mattinata di domenica alle ore 09,00. Difficile che non si ripeta il copione visto costantemente in questa stagione con il norvegese Riiber ampiamente davanti a tutti (\u00e8 primo nella generale con 479 punti di vantaggio sul compagno di squadra Graabak), mentre i tre italiani andranno a caccia di punti per entrare tra i migliori venti della Coppa del mondo.<\/p>\n","protected":false},"excerpt":{"rendered":"<p>A Lahti si parte venerd\u00ec 28 febbraio con il provisional competition round<\/p>\n","protected":false},"author":4,"featured_media":65963,"comment_status":"closed","ping_status":"closed","sticky":false,"template":"","format":"standard","meta":{"_acf_changed":false,"footnotes":""},"categories":[14],"tags":[],"acf":[],"_links":{"self":[{"href":"https:\/\/comitati.fisi.org\/friuli-venezia-giulia\/wp-json\/wp\/v2\/posts\/67899"}],"collection":[{"href":"https:\/\/comitati.fisi.org\/friuli-venezia-giulia\/wp-json\/wp\/v2\/posts"}],"about":[{"href":"https:\/\/comitati.fisi.org\/friuli-venezia-giulia\/wp-json\/wp\/v2\/types\/post"}],"author":[{"embeddable":true,"href":"https:\/\/comitati.fisi.org\/friuli-venezia-giulia\/wp-json\/wp\/v2\/users\/4"}],"replies":[{"embeddable":true,"href":"https:\/\/comitati.fisi.org\/friuli-venezia-giulia\/wp-json\/wp\/v2\/comments?post=67899"}],"version-history":[{"count":0,"href":"https:\/\/comitati.fisi.org\/friuli-venezia-giulia\/wp-json\/wp\/v2\/posts\/67899\/revisions"}],"wp:featuredmedia":[{"embeddable":true,"href":"https:\/\/comitati.fisi.org\/friuli-venezia-giulia\/wp-json\/wp\/v2\/media\/65963"}],"wp:attachment":[{"href":"https:\/\/comitati.fisi.org\/friuli-venezia-giulia\/wp-json\/wp\/v2\/media?parent=67899"}],"wp:term":[{"taxonomy":"category","embeddable":true,"href":"https:\/\/comitati.fisi.org\/friuli-venezia-giulia\/wp-json\/wp\/v2\/categories?post=67899"},{"taxonomy":"post_tag","embeddable":true,"href":"https:\/\/comitati.fisi.org\/friuli-venezia-giulia\/wp-json\/wp\/v2\/tags?post=67899"}],"curies":[{"name":"wp","href":"https:\/\/api.w.org\/{rel}","templated":true}]}}