{"id":67894,"date":"2020-02-27T13:20:13","date_gmt":"2020-02-27T12:20:13","guid":{"rendered":"https:\/\/www.fisifvg.org\/?p=67894"},"modified":"2020-02-27T13:20:13","modified_gmt":"2020-02-27T12:20:13","slug":"e-tornata-la-neve-sulle-montagne-del-friuli-venezia-giulia","status":"publish","type":"post","link":"https:\/\/comitati.fisi.org\/friuli-venezia-giulia\/blog\/2020\/02\/27\/e-tornata-la-neve-sulle-montagne-del-friuli-venezia-giulia\/","title":{"rendered":"\u00c8 tornata la neve sulle montagne del Friuli Venezia Giulia"},"content":{"rendered":"<p style=\"font-weight: 400\">Dopo mesi di attesa, la neve \u00e8 finalmente tornata sulle montagne del Friuli Venezia Giulia con nevicate che hanno raggiunto in quota anche i 30 cm rendendo cos\u00ec pi\u00f9 affascinanti gli scenari delle stazioni sciistiche regionali perfettamente preparate ad accogliere il pubblico amante degli sport invernali.<\/p>\n<p style=\"font-weight: 400\">Continua con grande successo il contest fotografico\u00a0<strong>#FVGsnowchallenge<\/strong>. L\u2019iniziativa lanciata da PromoTurismoFVG lo scorso 10 febbraio di PromoTurismoFVG e rivolta agli appassionati di fotografia per raccontare, attraverso il loro scatti, la bellezza delle cime e dei paesaggi invernali montani del Friuli Venezia Giulia sta garantendo quotidianamente una grande risposta di pubblico. La sfida che si concluder\u00e0 il prossimo 10 marzo, \u00e8 dedicata a coloro che pubblicheranno sulla bacheca Instagram @FVGlive una foto delle montagne della regione a 360 gradi con il nome dell\u2019autore e inserendo l\u2019hashtag #FVGsnowchallenge e la menzione @FVGlive. Settimanalmente verr\u00e0 selezionata l\u2019immagine pi\u00f9 bella tra quelle pi\u00f9 popolari e suggestive ed il fotografo dello scatto vincitore potr\u00e0 scegliere un\u2019esperienza \u201cLive Like a Local\u201d tra quelle disponibili sulla pagina del portale di PromoTurismoFVG dedicata al progetto (per maggiori informazioni sul challenge \u00e8 possibile consultare il sito\u00a0<a href=\"http:\/\/bit.ly\/FVGsnowchallenge\" data-saferedirecturl=\"https:\/\/www.google.com\/url?q=http:\/\/bit.ly\/FVGsnowchallenge&amp;source=gmail&amp;ust=1582889563348000&amp;usg=AFQjCNGr5A2DBzHmTwC21r_6u3TbylUAig\">http:\/\/bit.ly\/FVGsnowchallenge<\/a>).<\/p>\n<p style=\"font-weight: 400\">PromoTurismoFVG prosegue l\u2019attivit\u00e0 di prevenzione comunicata nei giorni scorsi per rispondere prontamente all\u2019emergenza epidemiologica da COVID-19, nel rispetto delle misure decise dal Ministero e dalla Regione atte ad affrontare la situazione straordinaria: assicura infatti i servizi nelle sei stazioni sciistiche regionali ospitando le attivit\u00e0 promozionali (gare sociali e aziendali sugli sci), ove non prevista presenza di pubblico e con l\u2019indicazione di non creare, al termine, occasioni di assembramento come ad esempio gli allenamenti della nazionale italiana di sci alpino sulle nevi di Tarvisio e Sella Nevea previsti fino a venerd\u00ec 28 febbraio.<\/p>\n<p style=\"font-weight: 400\">Aggiornamenti in tempo reale sull\u2019apertura delle piste sul del sito\u00a0<a href=\"http:\/\/www.promotur.org\/\" data-saferedirecturl=\"https:\/\/www.google.com\/url?q=http:\/\/www.promotur.org&amp;source=gmail&amp;ust=1582889563348000&amp;usg=AFQjCNECTYiF7mCj0_h8aMa-wlPGnZP3yQ\">www.promotur.org<\/a> alla sezione Infoneve.<\/p>\n<p style=\"font-weight: 400\">Tutti gli eventi sportivi su\u00a0<a href=\"http:\/\/www.turismofvg.it\/\" data-saferedirecturl=\"https:\/\/www.google.com\/url?q=http:\/\/www.turismofvg.it&amp;source=gmail&amp;ust=1582889563349000&amp;usg=AFQjCNEunMFh1hI9HWJYgziSNLfe8uINHA\">www.turismofvg.it<\/a><strong>.<\/strong><\/p>\n<p style=\"font-weight: 400\"><strong>APPUNTAMENTI<\/strong><\/p>\n<p style=\"font-weight: 400\"><strong>Sauris<br \/>\n<\/strong>-Gioved\u00ec 27 febbraio alle 18.00 nella saletta del centro etnografico, Leareber de Zahrar Sproche \u2013 Corso di saurano base, alla scoperta di una lingua minoritaria parlata nell\u2019isola alloglotta di Sauris.<br \/>\n-Domenica 1\u00b0 marzo alle 10.00 Caccia al tesoro Saurana. Appuntamento nell\u2019ufficio turistico di Sauris di Sotto.<\/p>\n<p style=\"font-weight: 400\"><strong>Forni di Sopra<\/strong><br \/>\n-Venerd\u00ec 28 febbraio e mercoled\u00ec 4 marzo dalle 18.00 alle 20.00 nel centro di sci di fondo, corsi di sci di fondo in notturna con i maestri della Scuola di Sci di Forni di Sopra.<br \/>\n-Domenica 1 marzo alle 09.30 ciaspolata \u201cLe domeniche d\u2019inverno\u201d. Escursione semplice aperta a tutti. Appuntamento nell\u2019Infopoint di Forni di Sopra.<br \/>\n-Marted\u00ec 3 marzo alle ore 17.00 Ski-Alp by night, le &#8220;piste Varmost 1&#8221; e &#8220;Senas bassa&#8221; saranno aperte per la salita con sci da alpinismo e pelli di foca. La risalita \u00e8 consentita fino al ristorante &#8220;La Suita\u201d a quota 1500 m.<\/p>\n<p style=\"font-weight: 400\"><strong>Valbruna<\/strong><br \/>\n-Gioved\u00ec 27 e marted\u00ec 3 marzo alle ore 10.00 e alle ore 11.00 appuntamento in Val Saisera presso l\u2019Agriturismo \u201cPrati Oitzingher\u201d per un suggestivo tour della Val Saisera a bordo di una carrozza trainata dai cavalli.<\/p>\n<p style=\"font-weight: 400\"><strong>Val Bartolo<br \/>\n&#8211;<\/strong>Venerd\u00ec 28 febbraio alle ore 17.30 Snow fat bike, escursione in bici con le gomme da neve accompagnati da istruttore Ami bike. Ritrovo in Val Bartolo.<\/p>\n<p style=\"font-weight: 400\"><strong>Sella Nevea<br \/>\n&#8211;<\/strong>Domenica 1\u00b0 marzo alle 08.30 sci alpinismo con guida alpina. Pranzo al sacco.<\/p>\n<p style=\"font-weight: 400\"><strong>Zoncolan<br \/>\n<\/strong>-Sabato 29 febbraio alle 09.00 escursione con le ciaspole dal Monte Zoncolan a Malga Marmoreana.<\/p>\n","protected":false},"excerpt":{"rendered":"<p>Nevicate che hanno raggiunto in quota anche i 30 cm rendendo cos\u00ec pi\u00f9 affascinanti gli scenari delle stazioni sciistiche regionali<\/p>\n","protected":false},"author":4,"featured_media":63989,"comment_status":"closed","ping_status":"closed","sticky":false,"template":"","format":"standard","meta":{"_acf_changed":false,"footnotes":""},"categories":[10,17],"tags":[],"acf":[],"_links":{"self":[{"href":"https:\/\/comitati.fisi.org\/friuli-venezia-giulia\/wp-json\/wp\/v2\/posts\/67894"}],"collection":[{"href":"https:\/\/comitati.fisi.org\/friuli-venezia-giulia\/wp-json\/wp\/v2\/posts"}],"about":[{"href":"https:\/\/comitati.fisi.org\/friuli-venezia-giulia\/wp-json\/wp\/v2\/types\/post"}],"author":[{"embeddable":true,"href":"https:\/\/comitati.fisi.org\/friuli-venezia-giulia\/wp-json\/wp\/v2\/users\/4"}],"replies":[{"embeddable":true,"href":"https:\/\/comitati.fisi.org\/friuli-venezia-giulia\/wp-json\/wp\/v2\/comments?post=67894"}],"version-history":[{"count":0,"href":"https:\/\/comitati.fisi.org\/friuli-venezia-giulia\/wp-json\/wp\/v2\/posts\/67894\/revisions"}],"wp:featuredmedia":[{"embeddable":true,"href":"https:\/\/comitati.fisi.org\/friuli-venezia-giulia\/wp-json\/wp\/v2\/media\/63989"}],"wp:attachment":[{"href":"https:\/\/comitati.fisi.org\/friuli-venezia-giulia\/wp-json\/wp\/v2\/media?parent=67894"}],"wp:term":[{"taxonomy":"category","embeddable":true,"href":"https:\/\/comitati.fisi.org\/friuli-venezia-giulia\/wp-json\/wp\/v2\/categories?post=67894"},{"taxonomy":"post_tag","embeddable":true,"href":"https:\/\/comitati.fisi.org\/friuli-venezia-giulia\/wp-json\/wp\/v2\/tags?post=67894"}],"curies":[{"name":"wp","href":"https:\/\/api.w.org\/{rel}","templated":true}]}}