{"id":67865,"date":"2020-02-26T11:15:19","date_gmt":"2020-02-26T10:15:19","guid":{"rendered":"https:\/\/www.fisifvg.org\/?p=67865"},"modified":"2020-02-26T11:15:19","modified_gmt":"2020-02-26T10:15:19","slug":"andrea-lepre-ad-un-passo-dalla-conquista-del-successo-nel-circuito-autodrive","status":"publish","type":"post","link":"https:\/\/comitati.fisi.org\/friuli-venezia-giulia\/blog\/2020\/02\/26\/andrea-lepre-ad-un-passo-dalla-conquista-del-successo-nel-circuito-autodrive\/","title":{"rendered":"Andrea Lepre ad un passo dalla conquista del successo nel circuito Autodrive"},"content":{"rendered":"<p>Il circuito Autodrive ha fatto tappa nello scorso week-end a Passo Rolle, sulla pista Castellazzo, con Andrea Lepre come sempre protagonista.<\/p>\n<p>Il 29enne del Cimenti Sci Carnia nella giornata dedicata ai superG ha ottenuto due primi e un secondo posto (ed ora \u00e8 secondo nella classifica di specialit\u00e0), mentre domenica si \u00e8 imposto nel gigante infliggendo distacchi abissali agli avversari.<\/p>\n<p>La coppa di gigante \u00e8 ormai una formalit\u00e0 per Lepre, ma anche la seconda coppa generale consecutiva sembra davvero ad un passo.<\/p>\n","protected":false},"excerpt":{"rendered":"<p>Per il 29enne del Cimenti Sci Carnia sarebbe la seconda vittoria consecutiva nella classifica generale<\/p>\n","protected":false},"author":4,"featured_media":66857,"comment_status":"closed","ping_status":"closed","sticky":false,"template":"","format":"standard","meta":{"_acf_changed":false,"footnotes":""},"categories":[15],"tags":[],"acf":[],"_links":{"self":[{"href":"https:\/\/comitati.fisi.org\/friuli-venezia-giulia\/wp-json\/wp\/v2\/posts\/67865"}],"collection":[{"href":"https:\/\/comitati.fisi.org\/friuli-venezia-giulia\/wp-json\/wp\/v2\/posts"}],"about":[{"href":"https:\/\/comitati.fisi.org\/friuli-venezia-giulia\/wp-json\/wp\/v2\/types\/post"}],"author":[{"embeddable":true,"href":"https:\/\/comitati.fisi.org\/friuli-venezia-giulia\/wp-json\/wp\/v2\/users\/4"}],"replies":[{"embeddable":true,"href":"https:\/\/comitati.fisi.org\/friuli-venezia-giulia\/wp-json\/wp\/v2\/comments?post=67865"}],"version-history":[{"count":0,"href":"https:\/\/comitati.fisi.org\/friuli-venezia-giulia\/wp-json\/wp\/v2\/posts\/67865\/revisions"}],"wp:featuredmedia":[{"embeddable":true,"href":"https:\/\/comitati.fisi.org\/friuli-venezia-giulia\/wp-json\/wp\/v2\/media\/66857"}],"wp:attachment":[{"href":"https:\/\/comitati.fisi.org\/friuli-venezia-giulia\/wp-json\/wp\/v2\/media?parent=67865"}],"wp:term":[{"taxonomy":"category","embeddable":true,"href":"https:\/\/comitati.fisi.org\/friuli-venezia-giulia\/wp-json\/wp\/v2\/categories?post=67865"},{"taxonomy":"post_tag","embeddable":true,"href":"https:\/\/comitati.fisi.org\/friuli-venezia-giulia\/wp-json\/wp\/v2\/tags?post=67865"}],"curies":[{"name":"wp","href":"https:\/\/api.w.org\/{rel}","templated":true}]}}