{"id":67858,"date":"2020-02-25T13:54:40","date_gmt":"2020-02-25T12:54:40","guid":{"rendered":"https:\/\/www.fisifvg.org\/?p=67858"},"modified":"2020-02-25T13:54:40","modified_gmt":"2020-02-25T12:54:40","slug":"coppa-del-mondo-emanuele-buzzi-al-via-del-superg-di-hinterstoder","status":"publish","type":"post","link":"https:\/\/comitati.fisi.org\/friuli-venezia-giulia\/blog\/2020\/02\/25\/coppa-del-mondo-emanuele-buzzi-al-via-del-superg-di-hinterstoder\/","title":{"rendered":"Coppa del Mondo, Emanuele Buzzi al via del superG di Hinterstoder"},"content":{"rendered":"<p>Ancora sette gare, poi il gran finale a Cortina. La <strong>Coppa del Mondo maschile di sci alpino<\/strong> \u00e8 arrivata alle battute conclusive ed i giochi per la conquista dell&#8217;ambita sfera di cristallo sono pi\u00f9 che mai aperti. Senza l&#8217;assoluto dominatore delle ultime stagioni, Marcel Hirscher, saranno i due norvegesi Aleksander Kilde ed Henrik Kristoffersen a battagliare per il successo finale (li separano 74 punti), senza dimenticare il transalpino Alexis Pinturault, leggermente pi\u00f9 staccato. La tensione \u00e8 massima ed \u00e8 vietato sbagliare a cominciare da Hinterstoder (Aut), dove nel weekend sono previste ben tre prove.<\/p>\n<p>La prima in calendario \u00e8 la combinata alpina, programmata per venerd\u00ec 28 febbraio a partire dalle ore 10 con il superG, seguito dallo slalom alle ore 13,30. Sabato ci sar\u00e0 spazio per il superG (ore 12,30), mentre sar\u00e0 un gigante (ore 09,45) a chiudere domenica il sipario. Al cancelletto di partenza si alterneranno diversi azzurri, ben dieci, nel corso delle tre giornate: si tratta di Andrea Ballerin, Giovanni Borsotti, Giulio Bosca, Guglielmo Bosca, <strong>Emanuele Buzzi <em>(<\/em>al via solo del superG,<em> nella foto)<\/em><\/strong><em>,<\/em> Mattia Casse, Luca De Aliprandini, Matteo Marsaglia, Roberto Nani e Florian Schieder. La speranza \u00e8 quella di rivedere un italiano sul podio a distanza di 14 anni: era il 20 dicembre del 2006 quando Peter Fill conquistava il secondo posto nel superG sulla pista austriaca. Intanto la FIS ha confermato l&#8217;appuntamento del 7-8 marzo a Kvitfjell, in Norvegia, penultimo atto a tutta velocit\u00e0 della Cdm.<\/p>\n","protected":false},"excerpt":{"rendered":"<p>In Austria \u00e8 previsto un trittico di gare nel fine settimana<\/p>\n","protected":false},"author":4,"featured_media":66930,"comment_status":"closed","ping_status":"closed","sticky":false,"template":"","format":"standard","meta":{"_acf_changed":false,"footnotes":""},"categories":[15],"tags":[],"acf":[],"_links":{"self":[{"href":"https:\/\/comitati.fisi.org\/friuli-venezia-giulia\/wp-json\/wp\/v2\/posts\/67858"}],"collection":[{"href":"https:\/\/comitati.fisi.org\/friuli-venezia-giulia\/wp-json\/wp\/v2\/posts"}],"about":[{"href":"https:\/\/comitati.fisi.org\/friuli-venezia-giulia\/wp-json\/wp\/v2\/types\/post"}],"author":[{"embeddable":true,"href":"https:\/\/comitati.fisi.org\/friuli-venezia-giulia\/wp-json\/wp\/v2\/users\/4"}],"replies":[{"embeddable":true,"href":"https:\/\/comitati.fisi.org\/friuli-venezia-giulia\/wp-json\/wp\/v2\/comments?post=67858"}],"version-history":[{"count":0,"href":"https:\/\/comitati.fisi.org\/friuli-venezia-giulia\/wp-json\/wp\/v2\/posts\/67858\/revisions"}],"wp:featuredmedia":[{"embeddable":true,"href":"https:\/\/comitati.fisi.org\/friuli-venezia-giulia\/wp-json\/wp\/v2\/media\/66930"}],"wp:attachment":[{"href":"https:\/\/comitati.fisi.org\/friuli-venezia-giulia\/wp-json\/wp\/v2\/media?parent=67858"}],"wp:term":[{"taxonomy":"category","embeddable":true,"href":"https:\/\/comitati.fisi.org\/friuli-venezia-giulia\/wp-json\/wp\/v2\/categories?post=67858"},{"taxonomy":"post_tag","embeddable":true,"href":"https:\/\/comitati.fisi.org\/friuli-venezia-giulia\/wp-json\/wp\/v2\/tags?post=67858"}],"curies":[{"name":"wp","href":"https:\/\/api.w.org\/{rel}","templated":true}]}}