{"id":67842,"date":"2020-02-25T13:41:37","date_gmt":"2020-02-25T12:41:37","guid":{"rendered":"https:\/\/www.fisifvg.org\/?p=67842"},"modified":"2020-02-25T13:41:37","modified_gmt":"2020-02-25T12:41:37","slug":"cappellari-e-montello-in-gara-ai-campionati-europei-di-biathlon","status":"publish","type":"post","link":"https:\/\/comitati.fisi.org\/friuli-venezia-giulia\/blog\/2020\/02\/25\/cappellari-e-montello-in-gara-ai-campionati-europei-di-biathlon\/","title":{"rendered":"Cappellari e Montello in gara ai Campionati Europei di biathlon"},"content":{"rendered":"<p>Archiviati i Mondiali di Anterselva, forieri di grandi successi per l&#8217;Italia, \u00e8 la volta dei <strong>Campionati Europei di biathlon,<\/strong> che prenderanno il via mercoled\u00ec 26 febbraio a Minsk-Raubichi, la localit\u00e0 bielorussa scelta al posto della rinunciataria Otepaa (Estonia). Otto le gare in programma fino al prossimo 1 marzo: si comincer\u00e0 con le supersprint, per poi proseguire gioved\u00ec con la consueta staffetta mista e la staffetta mista singola. Venerd\u00ec tutti a riposo prima del gran finale: sabato le sprint promettono grande spettacolo, mentre a chiudere la manifestazione saranno due pursuit, con l&#8217;ultima al via domenica alle ore 12,30.<\/p>\n<p>L&#8217;Italia andr\u00e0 a caccia di medaglie in Bielorussia con i seguenti sette biatleti scelti dal direttore tecnico Fabrizio Curtaz: Saverio Zini, Thierry Chenal, <strong>Giuseppe Montello, Daniele Cappellari<\/strong>, Irene Lardschneider, Alexia Runggaldier e Nicole Gontier. La squadra rester\u00e0 a Minsk anche la settimana successiva per prendere parte all&#8217;ultimo appuntamento stagionale dell&#8217;Ibu Cup: dal 4 al 7 marzo infatti, si svolgeranno le sei prove finali che decreteranno i vincitori della competizione.<\/p>\n<p><em><strong>(nella foto Daniele Cappellari e Giuseppe Montello)<\/strong><\/em><\/p>\n","protected":false},"excerpt":{"rendered":"<p>Archiviati i Mondiali di Anterselva \u00e8 la volta della manifestazione continentale, che prender\u00e0 il via mercoled\u00ec 26 febbraio a Minsk-Raubichi, in Bielorussia<\/p>\n","protected":false},"author":4,"featured_media":56648,"comment_status":"closed","ping_status":"closed","sticky":false,"template":"","format":"standard","meta":{"_acf_changed":false,"footnotes":""},"categories":[13],"tags":[],"acf":[],"_links":{"self":[{"href":"https:\/\/comitati.fisi.org\/friuli-venezia-giulia\/wp-json\/wp\/v2\/posts\/67842"}],"collection":[{"href":"https:\/\/comitati.fisi.org\/friuli-venezia-giulia\/wp-json\/wp\/v2\/posts"}],"about":[{"href":"https:\/\/comitati.fisi.org\/friuli-venezia-giulia\/wp-json\/wp\/v2\/types\/post"}],"author":[{"embeddable":true,"href":"https:\/\/comitati.fisi.org\/friuli-venezia-giulia\/wp-json\/wp\/v2\/users\/4"}],"replies":[{"embeddable":true,"href":"https:\/\/comitati.fisi.org\/friuli-venezia-giulia\/wp-json\/wp\/v2\/comments?post=67842"}],"version-history":[{"count":0,"href":"https:\/\/comitati.fisi.org\/friuli-venezia-giulia\/wp-json\/wp\/v2\/posts\/67842\/revisions"}],"wp:featuredmedia":[{"embeddable":true,"href":"https:\/\/comitati.fisi.org\/friuli-venezia-giulia\/wp-json\/wp\/v2\/media\/56648"}],"wp:attachment":[{"href":"https:\/\/comitati.fisi.org\/friuli-venezia-giulia\/wp-json\/wp\/v2\/media?parent=67842"}],"wp:term":[{"taxonomy":"category","embeddable":true,"href":"https:\/\/comitati.fisi.org\/friuli-venezia-giulia\/wp-json\/wp\/v2\/categories?post=67842"},{"taxonomy":"post_tag","embeddable":true,"href":"https:\/\/comitati.fisi.org\/friuli-venezia-giulia\/wp-json\/wp\/v2\/tags?post=67842"}],"curies":[{"name":"wp","href":"https:\/\/api.w.org\/{rel}","templated":true}]}}