{"id":67838,"date":"2020-02-24T14:49:15","date_gmt":"2020-02-24T13:49:15","guid":{"rendered":"https:\/\/www.fisifvg.org\/?p=67838"},"modified":"2020-02-24T14:49:15","modified_gmt":"2020-02-24T13:49:15","slug":"annullata-la-conferenza-stampa-di-presentazione-delle-finali-di-coppa-europa-di-sci-paralimpico","status":"publish","type":"post","link":"https:\/\/comitati.fisi.org\/friuli-venezia-giulia\/blog\/2020\/02\/24\/annullata-la-conferenza-stampa-di-presentazione-delle-finali-di-coppa-europa-di-sci-paralimpico\/","title":{"rendered":"Annullata la conferenza stampa di presentazione delle Finali di Coppa Europa di sci paralimpico"},"content":{"rendered":"<p>In ottemperanza all\u2019ordinanza emessa dal Ministero della Salute di intesa con il Presidente della Regione Autonoma Friuli Venezia Giulia (relativa al coronavirus), \u00e8 stata annullata la conferenza stampa di presentazione della Finale di Coppa Europa di sci paralimpico, prevista mercoled\u00ec 26 a Trieste.<\/p>\n<p>Per quanto riguarda le competizioni che si sarebbero dovute organizzare a Sella Nevea a partire dal 2 marzo, gli organizzatori della Sport X All renderanno noto un aggiornamento entro gioved\u00ec 27 febbraio sulla fattibilit\u00e0 dell&#8217;esecuzione della manifestazione stessa, &#8220;sebbene il buonsenso ci fa anticipare che difficilmente potremo rispettare il programma ed il calendario&#8221;, conclude la nota.<\/p>\n","protected":false},"excerpt":{"rendered":"<p>Entro gioved\u00ec si sapr\u00e0 se sar\u00e0 possibile rispettare programma e calendario della manifestazione, prevista dal 2 marzo a Sella Nevea<\/p>\n","protected":false},"author":4,"featured_media":35130,"comment_status":"closed","ping_status":"closed","sticky":false,"template":"","format":"standard","meta":{"_acf_changed":false,"footnotes":""},"categories":[10,22,17],"tags":[],"acf":[],"_links":{"self":[{"href":"https:\/\/comitati.fisi.org\/friuli-venezia-giulia\/wp-json\/wp\/v2\/posts\/67838"}],"collection":[{"href":"https:\/\/comitati.fisi.org\/friuli-venezia-giulia\/wp-json\/wp\/v2\/posts"}],"about":[{"href":"https:\/\/comitati.fisi.org\/friuli-venezia-giulia\/wp-json\/wp\/v2\/types\/post"}],"author":[{"embeddable":true,"href":"https:\/\/comitati.fisi.org\/friuli-venezia-giulia\/wp-json\/wp\/v2\/users\/4"}],"replies":[{"embeddable":true,"href":"https:\/\/comitati.fisi.org\/friuli-venezia-giulia\/wp-json\/wp\/v2\/comments?post=67838"}],"version-history":[{"count":0,"href":"https:\/\/comitati.fisi.org\/friuli-venezia-giulia\/wp-json\/wp\/v2\/posts\/67838\/revisions"}],"wp:featuredmedia":[{"embeddable":true,"href":"https:\/\/comitati.fisi.org\/friuli-venezia-giulia\/wp-json\/wp\/v2\/media\/35130"}],"wp:attachment":[{"href":"https:\/\/comitati.fisi.org\/friuli-venezia-giulia\/wp-json\/wp\/v2\/media?parent=67838"}],"wp:term":[{"taxonomy":"category","embeddable":true,"href":"https:\/\/comitati.fisi.org\/friuli-venezia-giulia\/wp-json\/wp\/v2\/categories?post=67838"},{"taxonomy":"post_tag","embeddable":true,"href":"https:\/\/comitati.fisi.org\/friuli-venezia-giulia\/wp-json\/wp\/v2\/tags?post=67838"}],"curies":[{"name":"wp","href":"https:\/\/api.w.org\/{rel}","templated":true}]}}