{"id":67803,"date":"2020-02-24T06:56:07","date_gmt":"2020-02-24T05:56:07","guid":{"rendered":"https:\/\/www.fisifvg.org\/?p=67803"},"modified":"2020-02-24T06:56:07","modified_gmt":"2020-02-24T05:56:07","slug":"fisi-sospende-gli-eventi-sportivi-in-lombardia-e-veneto-anche-nei-prossimi-giorni","status":"publish","type":"post","link":"https:\/\/comitati.fisi.org\/friuli-venezia-giulia\/blog\/2020\/02\/24\/fisi-sospende-gli-eventi-sportivi-in-lombardia-e-veneto-anche-nei-prossimi-giorni\/","title":{"rendered":"FISI sospende gli eventi di calendario federale di questa settimana su tutto il territorio nazionale"},"content":{"rendered":"<p>In ottemperanza alle indicazioni fornite dal Governo al CONI, la Federazione Italiana Sport Invernali ha immediatamente provveduto per ragioni di cautela e massima precauzione alla sospensione delle manifestazioni agonistiche previste dal calendario federale per la giornata di domenica 23 febbraio sia in Lombardia che in Veneto, e ha deciso in aggiunta di estendere la medesima sospensione all&#8217;intero territorio nazionale per tutta questa settimana (24 febbraio-1\u00b0 marzo), in attesa del perfezionamento di ulteriori provvedimenti che verranno forniti dallo stesso Consiglio dei Ministri. La Federazione Italiana Sport Invernali continua a mantenersi a stretto contatto e in aggiornamento con i relativi organi competenti.<\/p>\n<p><strong>LA NOTA DELLA REGIONE FVG<\/strong><\/p>\n<p>Il ministro della Salute ha firmato d\u2019intesa con il presidente del Friuli Venezia Giulia l\u2019ordinanza che contiene le disposizioni per contrastare l\u2019emergenza epidemiologica da coronavirus.<\/p>\n<p>Considerata la contiguit\u00e0 territoriale del Friuli Venezia Giulia rispetto al Veneto, dove si sono verificati finora 25 casi nei comuni di V\u00f2 e Mira e non \u00e8 stato ancora identificato il caso indice, e tenuto conto che tale evento potrebbe allargare i focolai epidemici, sono state decise con l\u2019ordinanza misure urgenti che saranno attive da luned\u00ec 24 febbraio al 1\u00b0 marzo compreso.<\/p>\n<p>Viene disposta la sospensione di manifestazioni o iniziative di qualsiasi natura, di eventi in luogo pubblico o privato sia in luoghi chiusi che aperti al pubblico, anche di natura culturale, ludico, sportiva, religiosa; discoteche e locali notturni.<\/p>\n<p>E\u2019 prevista la chiusura dei servizi educativi dell\u2019infanzia e delle scuole di ogni ordine e grado nonch\u00e9 della frequenza delle attivit\u00e0 scolastiche e di formazione superiore, corsi professionali, master, corsi per le professioni sanitarie, corsi per educazione degli adulti e dei servizi per il diritto allo studio ad essi connessi, ad esclusione dei medici in formazione specialistica e tirocinanti delle professioni sanitarie, salvo le attivit\u00e0 formative svolte a distanza.<\/p>\n<p>Sospesi i servizi di apertura al pubblico dei musei e degli altri istituti e luoghi della cultura (le biblioteche e gli archivi, le aree e i parchi archeologici, i complessi monumentali), nonch\u00e9 l\u2019efficacia delle disposizioni regolamentari sull\u2019accesso libero o gratuito a tali istituti o luoghi.<\/p>\n<p>Sospeso ogni viaggio di istruzione sia sul territorio nazionale che estero e previsto l\u2019obbligo da parte di individui che hanno fatto ingresso nel Friuli Venezia Giulia da zone a rischio epidemiologico come identificate dall\u2019Organizzazione Mondiale della Sanit\u00e0 di comunicare tale circostanza al Dipartimento di Prevenzione dell\u2019Azienda sanitaria competente per territorio per l\u2019adozione della misura di permanenza domiciliare fiduciaria con sorveglianza attiva.<\/p>\n<p>Le misure igieniche per le malattie a diffusione respiratoria sono: lavarsi spesso le mani (a tal proposito viene raccomandato di mettere a disposizione in tutti i locali pubblici, palestre, supermercati, farmacie, e altri luoghi di aggregazione soluzioni idroalcoliche per il lavaggio delle mani); evitare il contatto ravvicinato con persone che soffrono di infezioni respiratorie acute; non toccarsi occhi, naso e bocca con le mani; coprirsi bocca e naso se si starnutisce o tossisce; non prendere farmaci antivirali n\u00e9 antibiotici, a meno che siano prescritti dal medico; pulire le superfici con disinfettanti a base di cloro o alcol; usare la mascherina solo se si sospetta di essere malati o si assiste persone malate; i prodotti Made in China e i pacchi ricevuti dalla Cina non sono pericolosi; contattare il Numero unico di emergenza 112 se si ha febbre o tosse o se si \u00e8 tornati dalla Cina da meno di 14 giorni; gli animali da compagnia non diffondono il nuovo coronavirus.<\/p>\n<p>Le Direzioni sanitarie ospedaliere devono predisporre la limitazione dell\u2019accesso dei semplici visitatori alle aree di degenza, preferibilmente una persona per paziente al giorno.<\/p>\n<p>Le strutture sanitarie intermedie, quali Rsa, le residenze protette per anziani e le strutture socio-assistenziali dovranno anch\u2019esse limitare l\u2019accesso dei visitatori agli ospiti.<\/p>\n<p>Viene raccomandato fortemente che il personale sanitario si attenga alle misure di prevenzione per la diffusione delle infezioni per via respiratoria nonch\u00e8 alla rigorosa applicazione delle indicazioni per la sanificazione e disinfezione degli ambienti previste dalle circolari ministeriali.<\/p>\n<p>Deve essere predisposta dagli organismi competenti la disinfezione giornaliera dei treni regionali e di tutto il trasporto pubblico locale via terra, via aere e via acqua.<\/p>\n<p>Vengono sospese le procedure concorsuali ad esclusione dei concorsi per personale sanitario<\/p>\n","protected":false},"excerpt":{"rendered":"<p>La Federazione Italiana Sport Invernali continua a mantenersi a stretto contatto e in aggiornamento con i relativi organi competenti<\/p>\n","protected":false},"author":4,"featured_media":28777,"comment_status":"closed","ping_status":"closed","sticky":false,"template":"","format":"standard","meta":{"_acf_changed":false,"footnotes":""},"categories":[21,10,17],"tags":[],"acf":[],"_links":{"self":[{"href":"https:\/\/comitati.fisi.org\/friuli-venezia-giulia\/wp-json\/wp\/v2\/posts\/67803"}],"collection":[{"href":"https:\/\/comitati.fisi.org\/friuli-venezia-giulia\/wp-json\/wp\/v2\/posts"}],"about":[{"href":"https:\/\/comitati.fisi.org\/friuli-venezia-giulia\/wp-json\/wp\/v2\/types\/post"}],"author":[{"embeddable":true,"href":"https:\/\/comitati.fisi.org\/friuli-venezia-giulia\/wp-json\/wp\/v2\/users\/4"}],"replies":[{"embeddable":true,"href":"https:\/\/comitati.fisi.org\/friuli-venezia-giulia\/wp-json\/wp\/v2\/comments?post=67803"}],"version-history":[{"count":0,"href":"https:\/\/comitati.fisi.org\/friuli-venezia-giulia\/wp-json\/wp\/v2\/posts\/67803\/revisions"}],"wp:featuredmedia":[{"embeddable":true,"href":"https:\/\/comitati.fisi.org\/friuli-venezia-giulia\/wp-json\/wp\/v2\/media\/28777"}],"wp:attachment":[{"href":"https:\/\/comitati.fisi.org\/friuli-venezia-giulia\/wp-json\/wp\/v2\/media?parent=67803"}],"wp:term":[{"taxonomy":"category","embeddable":true,"href":"https:\/\/comitati.fisi.org\/friuli-venezia-giulia\/wp-json\/wp\/v2\/categories?post=67803"},{"taxonomy":"post_tag","embeddable":true,"href":"https:\/\/comitati.fisi.org\/friuli-venezia-giulia\/wp-json\/wp\/v2\/tags?post=67803"}],"curies":[{"name":"wp","href":"https:\/\/api.w.org\/{rel}","templated":true}]}}