{"id":67725,"date":"2020-02-23T12:36:47","date_gmt":"2020-02-23T11:36:47","guid":{"rendered":"https:\/\/www.fisifvg.org\/?p=67725"},"modified":"2020-02-23T12:36:47","modified_gmt":"2020-02-23T11:36:47","slug":"greta-pinzani-ancora-quarta-nella-prova-a-squadre-degli-opa-games","status":"publish","type":"post","link":"https:\/\/comitati.fisi.org\/friuli-venezia-giulia\/blog\/2020\/02\/23\/greta-pinzani-ancora-quarta-nella-prova-a-squadre-degli-opa-games\/","title":{"rendered":"Greta Pinzani ancora quarta nella prova a squadre degli OPA Games"},"content":{"rendered":"<p><strong>Greta Pinzani<\/strong> ha preso parte, assieme a Asia Marcato e Annika Sieff, alla prova a squadre di combinata nordica degli <strong>OPA Games di Villach.<\/strong><\/p>\n<p>Nel salto la lussarina della squadra FISI FVG Greta, la pi\u00f9 giovane del terzetto, si \u00e8 esaltata, ottenendo il terzo punteggio assoluto, grazie al quale l&#8217;Italia \u00e8 partita per la prova di combinata al quarto posto a 32&#8243; dalla leader Germania I, che ha preceduto altre due squadre tedesche. Italia che comunque avrebbe potuto essere in testa se non ci fosse stata la caduta (senza conseguenze) della Marcato, costata ovviamente moltissimo in termini di valutazione della giuria.<\/p>\n<p>Nella 3&#215;2 km di fondo l&#8217;Italia ha conservato la quarta posizione, a 11&#8243; dal terzo posto dell&#8217;Austria, con la Germania ad occupare le prime due posizioni. Greta Pinzani era giunta quarta anche nella prova a squadre di salto, disputata ieri.<\/p>\n<p><a href=\"https:\/\/www.fis-ski.com\/DB\/general\/results.html?sectorcode=NK&amp;raceid=2508#down\">CLASSIFICA<\/a><\/p>\n<p><em><strong>(nella foto, da sinistra, Pinzani, Marcato e Sieff)<\/strong><\/em><\/p>\n","protected":false},"excerpt":{"rendered":"<p>La lussarina della squadra FISI FVG aveva ottenuto la stessa posizione anche ieri nel salto<\/p>\n","protected":false},"author":4,"featured_media":67763,"comment_status":"closed","ping_status":"closed","sticky":false,"template":"","format":"standard","meta":{"_acf_changed":false,"footnotes":""},"categories":[14,10],"tags":[],"acf":[],"_links":{"self":[{"href":"https:\/\/comitati.fisi.org\/friuli-venezia-giulia\/wp-json\/wp\/v2\/posts\/67725"}],"collection":[{"href":"https:\/\/comitati.fisi.org\/friuli-venezia-giulia\/wp-json\/wp\/v2\/posts"}],"about":[{"href":"https:\/\/comitati.fisi.org\/friuli-venezia-giulia\/wp-json\/wp\/v2\/types\/post"}],"author":[{"embeddable":true,"href":"https:\/\/comitati.fisi.org\/friuli-venezia-giulia\/wp-json\/wp\/v2\/users\/4"}],"replies":[{"embeddable":true,"href":"https:\/\/comitati.fisi.org\/friuli-venezia-giulia\/wp-json\/wp\/v2\/comments?post=67725"}],"version-history":[{"count":0,"href":"https:\/\/comitati.fisi.org\/friuli-venezia-giulia\/wp-json\/wp\/v2\/posts\/67725\/revisions"}],"wp:featuredmedia":[{"embeddable":true,"href":"https:\/\/comitati.fisi.org\/friuli-venezia-giulia\/wp-json\/wp\/v2\/media\/67763"}],"wp:attachment":[{"href":"https:\/\/comitati.fisi.org\/friuli-venezia-giulia\/wp-json\/wp\/v2\/media?parent=67725"}],"wp:term":[{"taxonomy":"category","embeddable":true,"href":"https:\/\/comitati.fisi.org\/friuli-venezia-giulia\/wp-json\/wp\/v2\/categories?post=67725"},{"taxonomy":"post_tag","embeddable":true,"href":"https:\/\/comitati.fisi.org\/friuli-venezia-giulia\/wp-json\/wp\/v2\/tags?post=67725"}],"curies":[{"name":"wp","href":"https:\/\/api.w.org\/{rel}","templated":true}]}}