{"id":67608,"date":"2020-02-22T12:55:07","date_gmt":"2020-02-22T11:55:07","guid":{"rendered":"https:\/\/www.fisifvg.org\/?p=67608"},"modified":"2020-02-22T12:55:07","modified_gmt":"2020-02-22T11:55:07","slug":"litalia-di-unottima-lisa-vittozzi-decima-nella-staffetta-dei-mondiali-di-biathlon","status":"publish","type":"post","link":"https:\/\/comitati.fisi.org\/friuli-venezia-giulia\/blog\/2020\/02\/22\/litalia-di-unottima-lisa-vittozzi-decima-nella-staffetta-dei-mondiali-di-biathlon\/","title":{"rendered":"L&#8217;Italia di un&#8217;ottima Lisa Vittozzi decima nella staffetta dei Mondiali di biathlon"},"content":{"rendered":"<p>Decimo posto per l&#8217;Italia nella staffetta 4&#215;6 km femminile dei <strong>Mondiali di biathlon di Anterselva, <\/strong>con le azzurre\u00a0 al comando fino all&#8217;ingresso al sesto poligono<\/p>\n<p>Ottima la prima frazione di <strong>Lisa Vittozzi,<\/strong> veloce al poligono (una sola ricarica) e sugli sci, tanto da dare il cambio a Dorothea Wierer con 24&#8243; di vantaggio sulla seconda, la Russia. Una prestazione molto confortante per Lisa alla vigilia della mass start.<br \/>\nLa due volte campionessa del mondo fa la stessa cosa della sappadina (una ricarica, bene sugli sci, rapidissima in particolare nella serie in piedi), lasciando strada a Federica Sanfilippo con 58&#8243; sulla Polonia e 1&#8217;08&#8221; sul duo Russia-Repubblica Ceca. La terza azzurra \u00e8 positiva nel primo poligono, poi nel secondo \u00e8 costretta a due giri di penalit\u00e0, cedendo il testimone a Michela Carrara a 47&#8243;8 dalla leader Polonia a 7&#8243; dalla Repubblica Ceca, seconda.<br \/>\nLa pi\u00f9 giovane del quartetto effettua un giro di penalit\u00e0 nella serie a terra, mentre copre il poligono con due ricariche nel secondo.<\/p>\n<p>Oro alla Norvegia di Solemdal, Tandrevold, Eckhoff e Roeiseland (quest&#8217;ultima quinta medaglia in cinque gare); argento a 10&#8243;7 alla Germania con Horchler, Hinz, Pressu e Herrmann); bronzo a 18&#8243;4 all&#8217;Ucraina con Merkushyna, Dzhima, Semerenko e Pidhrushna). L&#8217;Italia chiude a 2&#8217;29&#8221;.<\/p>\n<p><em>&#8220;Oggi ci tenevo a fare bene, vengo da un periodo tutt&#8217;altro che facile e ci tenevo a riscattarmi con una prova convincente dimostrando di avere il fuoco dentro &#8211; <\/em>dice Lisa Vittozzi &#8211;<em>. Le staffette mi caricano molto, mi sento pi\u00f9 responsabile giocando insieme ai miei compagni. L&#8217;obiettivo \u00e8 di ripetermi anche domani per concludere al meglio questi Mondiali&#8221;.<\/em><\/p>\n<p>Domenica la 12.5 km mass start prender\u00e0 il via alle 12.30.<\/p>\n<p><a href=\"https:\/\/www.biathlonworld.com\/competitions\/ibu-world-championship\/events\/ibu-world-championships-biathlon-antholz-anterselva-1920\/bt1920swrlch__\/race\/women-4x6-km-relay\/bt1920swrlch__swrl\/\">CLASSIFICA<\/a><\/p>\n<p><em><strong>(nella foto Pentaphoto il quartetto azzurro)<\/strong><\/em><\/p>\n","protected":false},"excerpt":{"rendered":"<p>La sappadina \u00e8 stata autrice di una gran prima frazione<\/p>\n","protected":false},"author":4,"featured_media":67655,"comment_status":"closed","ping_status":"closed","sticky":false,"template":"","format":"standard","meta":{"_acf_changed":false,"footnotes":""},"categories":[13,10],"tags":[],"acf":[],"_links":{"self":[{"href":"https:\/\/comitati.fisi.org\/friuli-venezia-giulia\/wp-json\/wp\/v2\/posts\/67608"}],"collection":[{"href":"https:\/\/comitati.fisi.org\/friuli-venezia-giulia\/wp-json\/wp\/v2\/posts"}],"about":[{"href":"https:\/\/comitati.fisi.org\/friuli-venezia-giulia\/wp-json\/wp\/v2\/types\/post"}],"author":[{"embeddable":true,"href":"https:\/\/comitati.fisi.org\/friuli-venezia-giulia\/wp-json\/wp\/v2\/users\/4"}],"replies":[{"embeddable":true,"href":"https:\/\/comitati.fisi.org\/friuli-venezia-giulia\/wp-json\/wp\/v2\/comments?post=67608"}],"version-history":[{"count":0,"href":"https:\/\/comitati.fisi.org\/friuli-venezia-giulia\/wp-json\/wp\/v2\/posts\/67608\/revisions"}],"wp:featuredmedia":[{"embeddable":true,"href":"https:\/\/comitati.fisi.org\/friuli-venezia-giulia\/wp-json\/wp\/v2\/media\/67655"}],"wp:attachment":[{"href":"https:\/\/comitati.fisi.org\/friuli-venezia-giulia\/wp-json\/wp\/v2\/media?parent=67608"}],"wp:term":[{"taxonomy":"category","embeddable":true,"href":"https:\/\/comitati.fisi.org\/friuli-venezia-giulia\/wp-json\/wp\/v2\/categories?post=67608"},{"taxonomy":"post_tag","embeddable":true,"href":"https:\/\/comitati.fisi.org\/friuli-venezia-giulia\/wp-json\/wp\/v2\/tags?post=67608"}],"curies":[{"name":"wp","href":"https:\/\/api.w.org\/{rel}","templated":true}]}}