{"id":67557,"date":"2020-02-21T18:37:54","date_gmt":"2020-02-21T17:37:54","guid":{"rendered":"https:\/\/www.fisifvg.org\/?p=67557"},"modified":"2020-02-21T18:37:54","modified_gmt":"2020-02-21T17:37:54","slug":"stelle-al-merito-sportivo-e-palme-al-merito-tecnico-anno-2019-info-utili","status":"publish","type":"post","link":"https:\/\/comitati.fisi.org\/friuli-venezia-giulia\/blog\/2020\/02\/21\/stelle-al-merito-sportivo-e-palme-al-merito-tecnico-anno-2019-info-utili\/","title":{"rendered":"Stelle al Merito Sportivo e Palme al Merito Tecnico anno 2019, info utili"},"content":{"rendered":"<p>Proponiamo una comunicazione, rivolta alle Societ\u00e0, riguardante il conferimento delle\u00a0<b>\u201cStelle al Merito Sportivo\u201d e delle \u201cPalme al Merito Tecnico\u201d per l\u2019anno 2019.<\/b><\/p>\n<p>Ricordiamo che per concorrere all\u2019assegnazione delle benemerenze CONI \u00e8 necessario che l\u2019attivit\u00e0 dedicata allo sport sia almeno, per le:<\/p>\n<p>&nbsp;<\/p>\n<p><strong>1) <\/strong><strong>\u00a0\u201cStelle al Merito Sportivo\u201d a persone\u00a0(dirigenti)<\/strong><\/p>\n<p><em>ORO: 30 anni continuativi di attivit\u00e0 dedicata allo sport<\/em><\/p>\n<p><em>ARGENTO: 20 anni continuativi di attivit\u00e0 dedicata allo sport<\/em><\/p>\n<p><em>BRONZO: 12 anni continuativi di attivit\u00e0 dedicata allo sport<\/em><\/p>\n<p>&nbsp;<\/p>\n<p><strong>2) \u201cStelle al Merito Sportivo\u201d a societ\u00e0 (le societ\u00e0 devono essere in attivit\u00e0 al momento della proposta)<\/strong><\/p>\n<p><em>ORO: 50 anni continuativi di attivit\u00e0 dedicata allo sport<\/em><\/p>\n<p><em>ARGENTO: 30 anni continuativi di attivit\u00e0 dedicata allo sport<\/em><\/p>\n<p><em>BRONZO: 20 anni continuativi di attivit\u00e0 dedicata allo sport<\/em><\/p>\n<p>&nbsp;<\/p>\n<p><strong>3) \u201cPalme al merito tecnico\u201d<\/strong><\/p>\n<p><em>ORO: 30 anni continuativi di attivit\u00e0 dedicata allo sport<\/em><\/p>\n<p><em>ARGENTO: 20 anni continuativi di attivit\u00e0 dedicata allo sport<\/em><\/p>\n<p><em>BRONZO: 12 anni continuativi di attivit\u00e0 dedicata allo sport<\/em><\/p>\n<p>&nbsp;<\/p>\n<p>Tali criteri costituiscono una condizione preliminare essenziale ma di per s\u00e9 non sufficiente per la concessione della Benemerenza.<\/p>\n<p>Ricordiamo, inoltre, che \u201cla concessione delle onorificenze avviene per gradi successivi di merito e non contempla salti fra i diversi livelli\u201d.<\/p>\n<p>Al fine di garantire la possibilit\u00e0 di trasmettere le proposte alla Federazione per essere visionate dalla Commissione Benemerenze viene chiesto di far pervenire entro e non oltre il 5 marzo 2020\u00a0i questionari debitamente compilati e firmati dai candidati, completi di modello privacy.<\/p>\n<p>Tutte le segnalazioni debitamente compilate, potranno essere anticipate via mail a <a href=\"mailto:crfvg@fisi.org\">crfvg@fisi.org<\/a> e poi spedite\/consegnate in originale al Comitato Regionale FISI FVG &#8211; P.le Repubblica Argentina, 3 c\/o Stadio Friuli Dacia Arena curva sud CS6 &#8211; 33100 Udine.<\/p>\n<p><a href=\"http:\/\/comitati.fisi.org\/friuli-venezia-giulia\/wp-content\/uploads\/sites\/34\/2020\/02\/Circolare-Stelle-e-Palme-2019.pdf\">Circolare Stelle e Palme 2019<\/a><br \/>\n<a href=\"http:\/\/comitati.fisi.org\/friuli-venezia-giulia\/wp-content\/uploads\/sites\/34\/2020\/02\/Alleg.-1-Questionario-Stella-al-M.S.-2019-A-PERSONE.docx\">Alleg. 1 &#8211; Questionario Stella al M.S. 2019 A PERSONE<\/a><br \/>\n<a href=\"http:\/\/comitati.fisi.org\/friuli-venezia-giulia\/wp-content\/uploads\/sites\/34\/2020\/02\/Alleg.-2-Questionario-Stella-al-M.S.-2019-a-SOCIETA.docx\">Alleg. 2 &#8211; Questionario Stella al M.S. 2019 a SOCIETA&#8217;<\/a><br \/>\n<a href=\"http:\/\/comitati.fisi.org\/friuli-venezia-giulia\/wp-content\/uploads\/sites\/34\/2020\/02\/Alleg.-3-Questionario-Palme-al-M.T.-2019.docx\">Alleg. 3 &#8211; Questionario Palme al M.T. 2019<\/a><\/p>\n","protected":false},"excerpt":{"rendered":"<p>Tutte le segnalazioni debitamente compilate potranno essere anticipate via mail a crfvg@fisi.org e poi spedite\/consegnate in originale al Comitato FISI FVG<\/p>\n","protected":false},"author":4,"featured_media":61704,"comment_status":"closed","ping_status":"closed","sticky":false,"template":"","format":"standard","meta":{"_acf_changed":false,"footnotes":""},"categories":[21,10,17],"tags":[],"acf":[],"_links":{"self":[{"href":"https:\/\/comitati.fisi.org\/friuli-venezia-giulia\/wp-json\/wp\/v2\/posts\/67557"}],"collection":[{"href":"https:\/\/comitati.fisi.org\/friuli-venezia-giulia\/wp-json\/wp\/v2\/posts"}],"about":[{"href":"https:\/\/comitati.fisi.org\/friuli-venezia-giulia\/wp-json\/wp\/v2\/types\/post"}],"author":[{"embeddable":true,"href":"https:\/\/comitati.fisi.org\/friuli-venezia-giulia\/wp-json\/wp\/v2\/users\/4"}],"replies":[{"embeddable":true,"href":"https:\/\/comitati.fisi.org\/friuli-venezia-giulia\/wp-json\/wp\/v2\/comments?post=67557"}],"version-history":[{"count":0,"href":"https:\/\/comitati.fisi.org\/friuli-venezia-giulia\/wp-json\/wp\/v2\/posts\/67557\/revisions"}],"wp:featuredmedia":[{"embeddable":true,"href":"https:\/\/comitati.fisi.org\/friuli-venezia-giulia\/wp-json\/wp\/v2\/media\/61704"}],"wp:attachment":[{"href":"https:\/\/comitati.fisi.org\/friuli-venezia-giulia\/wp-json\/wp\/v2\/media?parent=67557"}],"wp:term":[{"taxonomy":"category","embeddable":true,"href":"https:\/\/comitati.fisi.org\/friuli-venezia-giulia\/wp-json\/wp\/v2\/categories?post=67557"},{"taxonomy":"post_tag","embeddable":true,"href":"https:\/\/comitati.fisi.org\/friuli-venezia-giulia\/wp-json\/wp\/v2\/tags?post=67557"}],"curies":[{"name":"wp","href":"https:\/\/api.w.org\/{rel}","templated":true}]}}