{"id":67536,"date":"2020-02-21T19:27:32","date_gmt":"2020-02-21T18:27:32","guid":{"rendered":"https:\/\/www.fisifvg.org\/?p=67536"},"modified":"2020-02-21T19:27:32","modified_gmt":"2020-02-21T18:27:32","slug":"la-start-list-dei-campionati-regionali-biathlon-2","status":"publish","type":"post","link":"https:\/\/comitati.fisi.org\/friuli-venezia-giulia\/blog\/2020\/02\/21\/la-start-list-dei-campionati-regionali-biathlon-2\/","title":{"rendered":"La start list dei Campionati Regionali di biathlon"},"content":{"rendered":"<p>Si svolgeranno <strong>sabato 22 febbraio<\/strong> alla Carnia Arena di Piani di Luzza, a <strong>Forni Avoltri, i Campionati Regionali di biathlon<\/strong>, inizialmente previsti a fine dicembre ma rinviati a causa dell\u2019insufficiente innevamento.<\/p>\n<p>La manifestazione, organizzata da <strong>ASD Monte Coglians e Sci CAI Trieste,<\/strong> prevede la prova sprint per il settore aria compressa (Ragazzi e Allievi, con Baby e Cuccioli impegnati in una gara promozionale), mentre per il piccolo calibro (Aspiranti, Giovani, Junior e Senior) ci sar\u00e0 una gara individuale. La prova \u00e8 Open,si spiega cos\u00ec la presenza di molti biathleti del Comitato Veneto e non solo.<\/p>\n<p>Rispetto al Programma inizialmente stabilito, c\u2019\u00e8 una novit\u00e0 nell\u2019ordine di partenza: la prima gara, dalle 9.20, sar\u00e0 l\u2019individuale, seguita poi dalla sprint (in sostanza \u00e8 stato invertito l\u2019odp fra piccolo calibro e aria compressa).<\/p>\n<p><a href=\"http:\/\/comitati.fisi.org\/friuli-venezia-giulia\/wp-content\/uploads\/sites\/34\/2020\/02\/START-1-SEN-JUN-GIO-ASP.pdf\">START LIST PICCOLO CALIBRO<\/a><br \/>\n<a href=\"http:\/\/comitati.fisi.org\/friuli-venezia-giulia\/wp-content\/uploads\/sites\/34\/2020\/02\/START-2-AL-RG-CU-BA-1.pdf\">START LIST ARIA COMPRESSA<\/a><br \/>\n<a href=\"http:\/\/comitati.fisi.org\/friuli-venezia-giulia\/wp-content\/uploads\/sites\/34\/2020\/02\/VERBALE.pdf\">VERBALE GIURIA<\/a><\/p>\n","protected":false},"excerpt":{"rendered":"<p>Appuntamento sabato 22 febbraio alla Carnia Arena di Piani di Luzza, a Forni Avoltri<\/p>\n","protected":false},"author":4,"featured_media":64274,"comment_status":"closed","ping_status":"closed","sticky":false,"template":"","format":"standard","meta":{"_acf_changed":false,"footnotes":""},"categories":[13,10],"tags":[],"acf":[],"_links":{"self":[{"href":"https:\/\/comitati.fisi.org\/friuli-venezia-giulia\/wp-json\/wp\/v2\/posts\/67536"}],"collection":[{"href":"https:\/\/comitati.fisi.org\/friuli-venezia-giulia\/wp-json\/wp\/v2\/posts"}],"about":[{"href":"https:\/\/comitati.fisi.org\/friuli-venezia-giulia\/wp-json\/wp\/v2\/types\/post"}],"author":[{"embeddable":true,"href":"https:\/\/comitati.fisi.org\/friuli-venezia-giulia\/wp-json\/wp\/v2\/users\/4"}],"replies":[{"embeddable":true,"href":"https:\/\/comitati.fisi.org\/friuli-venezia-giulia\/wp-json\/wp\/v2\/comments?post=67536"}],"version-history":[{"count":0,"href":"https:\/\/comitati.fisi.org\/friuli-venezia-giulia\/wp-json\/wp\/v2\/posts\/67536\/revisions"}],"wp:featuredmedia":[{"embeddable":true,"href":"https:\/\/comitati.fisi.org\/friuli-venezia-giulia\/wp-json\/wp\/v2\/media\/64274"}],"wp:attachment":[{"href":"https:\/\/comitati.fisi.org\/friuli-venezia-giulia\/wp-json\/wp\/v2\/media?parent=67536"}],"wp:term":[{"taxonomy":"category","embeddable":true,"href":"https:\/\/comitati.fisi.org\/friuli-venezia-giulia\/wp-json\/wp\/v2\/categories?post=67536"},{"taxonomy":"post_tag","embeddable":true,"href":"https:\/\/comitati.fisi.org\/friuli-venezia-giulia\/wp-json\/wp\/v2\/tags?post=67536"}],"curies":[{"name":"wp","href":"https:\/\/api.w.org\/{rel}","templated":true}]}}