{"id":67524,"date":"2020-02-21T15:19:25","date_gmt":"2020-02-21T14:19:25","guid":{"rendered":"https:\/\/www.fisifvg.org\/?p=67524"},"modified":"2020-02-21T15:19:25","modified_gmt":"2020-02-21T14:19:25","slug":"coppa-del-mondo-combinata-pittin-in-coda-nel-provisional-round-di-trondheim","status":"publish","type":"post","link":"https:\/\/comitati.fisi.org\/friuli-venezia-giulia\/blog\/2020\/02\/21\/coppa-del-mondo-combinata-pittin-in-coda-nel-provisional-round-di-trondheim\/","title":{"rendered":"Coppa del Mondo combinata, Pittin in coda nel provisional round di Trondheim"},"content":{"rendered":"<p>La tre giorni di <strong>Coppa del Mondo di combinata nordica<\/strong> di Trondheim si \u00e8 aperta oggi con il Provisional Round, che solitamente serve a stabilire i 50 ammessi alla finale.<br \/>\nIn questa occasione, per\u00f2, gli iscritti sono solo 46 e quindi tutti accedono alla prima delle due gare, in programma sabato (salto alle 9.30, 10 km di fondo alle 16.15). Il salto odierno non \u00e8 stato comunque inutile, perch\u00e9 verr\u00e0 preso in considerazione se, per qualsiasi motivo (vento in primis), non si potesse effettuare la prova dal trampolino HS138 nel giorno di gara.<\/p>\n<p><strong>Alessandro Pittin<\/strong> ha ottenuto il 42\u00b0 posto, che \u00e8 anche l&#8217;ultimo (ci sono quattro squalifiche, compresa quella dell&#8217;altro azzurro Samuel Costa), e deve sperare che il salto di gara si possa effettuare, altrimenti partirebbe a oltre 6&#8242; dal leader, il solito norvegese Riiber. Ovviamente la stessa speranza ce l&#8217;hanno i quattro squalificati, visto che in caso contrario non potrebbero prendere il via alla 10 km di fondo, non avendo un tempo.<\/p>\n<p><a href=\"https:\/\/www.fis-ski.com\/DB\/general\/results.html?sectorcode=NK&amp;raceid=2435\">CLASSIFICA<\/a><\/p>\n<p><em><strong>(nella foto Alessandro Pittin)<\/strong><\/em><\/p>\n","protected":false},"excerpt":{"rendered":"<p>Il finanziere ha ottenuto il 42\u00b0 posto, che \u00e8 anche l&#8217;ultimo e deve sperare che sabato il salto di gara si possa effettuare<\/p>\n","protected":false},"author":4,"featured_media":64854,"comment_status":"closed","ping_status":"closed","sticky":false,"template":"","format":"standard","meta":{"_acf_changed":false,"footnotes":""},"categories":[14,10],"tags":[],"acf":[],"_links":{"self":[{"href":"https:\/\/comitati.fisi.org\/friuli-venezia-giulia\/wp-json\/wp\/v2\/posts\/67524"}],"collection":[{"href":"https:\/\/comitati.fisi.org\/friuli-venezia-giulia\/wp-json\/wp\/v2\/posts"}],"about":[{"href":"https:\/\/comitati.fisi.org\/friuli-venezia-giulia\/wp-json\/wp\/v2\/types\/post"}],"author":[{"embeddable":true,"href":"https:\/\/comitati.fisi.org\/friuli-venezia-giulia\/wp-json\/wp\/v2\/users\/4"}],"replies":[{"embeddable":true,"href":"https:\/\/comitati.fisi.org\/friuli-venezia-giulia\/wp-json\/wp\/v2\/comments?post=67524"}],"version-history":[{"count":0,"href":"https:\/\/comitati.fisi.org\/friuli-venezia-giulia\/wp-json\/wp\/v2\/posts\/67524\/revisions"}],"wp:featuredmedia":[{"embeddable":true,"href":"https:\/\/comitati.fisi.org\/friuli-venezia-giulia\/wp-json\/wp\/v2\/media\/64854"}],"wp:attachment":[{"href":"https:\/\/comitati.fisi.org\/friuli-venezia-giulia\/wp-json\/wp\/v2\/media?parent=67524"}],"wp:term":[{"taxonomy":"category","embeddable":true,"href":"https:\/\/comitati.fisi.org\/friuli-venezia-giulia\/wp-json\/wp\/v2\/categories?post=67524"},{"taxonomy":"post_tag","embeddable":true,"href":"https:\/\/comitati.fisi.org\/friuli-venezia-giulia\/wp-json\/wp\/v2\/tags?post=67524"}],"curies":[{"name":"wp","href":"https:\/\/api.w.org\/{rel}","templated":true}]}}