{"id":67494,"date":"2020-02-20T14:04:29","date_gmt":"2020-02-20T13:04:29","guid":{"rendered":"https:\/\/www.fisifvg.org\/?p=67494"},"modified":"2020-02-20T14:04:29","modified_gmt":"2020-02-20T13:04:29","slug":"salto-federico-cecon-supera-la-qualificazione-della-coppa-del-mondo-di-rasnov","status":"publish","type":"post","link":"https:\/\/comitati.fisi.org\/friuli-venezia-giulia\/blog\/2020\/02\/20\/salto-federico-cecon-supera-la-qualificazione-della-coppa-del-mondo-di-rasnov\/","title":{"rendered":"Federico Cecon supera la qualificazione della Coppa del Mondo di Rasnov"},"content":{"rendered":"<p>Due decimi di punto d&#8217;oro per <strong>Federico Cecon,<\/strong> quelli che gli consentono di guadagnare l&#8217;accesso alla prima delle due prove di<strong> Coppa del Mondo di salto con gli sci<\/strong> a Rasnov.<\/p>\n<p>Sul trampolino HS97 rumeno il 25enne delle Fiamme Gialle \u00e8 atterrato a 81.5 metri, che in termini di punteggio valgono il 49\u00b0 posto; il primo degli esclusi dalla finale ha ottenuto, appunto, due decimi di punto in meno rispetto all&#8217;azzurro (ricordiamo che si qualificano i migliori 50).<br \/>\nAl comando il norvegese Lindvik con 98 metri, mentre ad andare pi\u00f9 lontano \u00e8 stato il tedesco Eisenbichler, atterrato a 101 metri ma penalizzato dalla compensazione (\u00e8 terzo alle spalle dell&#8217;austriaco Kraft).<\/p>\n<p>Venerd\u00ec la gara prender\u00e0 il via alle 14, con Cecon alla caccia del miglior piazzamento in carriera (da battere il 42\u00b0 posto di Nizhny Tagil 2014-2015) e stagionale (47\u00b0 a Capodanno a Garmisch).<\/p>\n<p><a href=\"http:\/\/comitati.fisi.org\/friuli-venezia-giulia\/wp-content\/uploads\/sites\/34\/2020\/02\/CLASSIFICA.pdf\">CLASSIFICA<\/a><\/p>\n","protected":false},"excerpt":{"rendered":"<p>In Romania il 25enne della Fiamme Gialle si piazza 49\u00b0<\/p>\n","protected":false},"author":4,"featured_media":67371,"comment_status":"closed","ping_status":"closed","sticky":false,"template":"","format":"standard","meta":{"_acf_changed":false,"footnotes":""},"categories":[12],"tags":[],"acf":[],"_links":{"self":[{"href":"https:\/\/comitati.fisi.org\/friuli-venezia-giulia\/wp-json\/wp\/v2\/posts\/67494"}],"collection":[{"href":"https:\/\/comitati.fisi.org\/friuli-venezia-giulia\/wp-json\/wp\/v2\/posts"}],"about":[{"href":"https:\/\/comitati.fisi.org\/friuli-venezia-giulia\/wp-json\/wp\/v2\/types\/post"}],"author":[{"embeddable":true,"href":"https:\/\/comitati.fisi.org\/friuli-venezia-giulia\/wp-json\/wp\/v2\/users\/4"}],"replies":[{"embeddable":true,"href":"https:\/\/comitati.fisi.org\/friuli-venezia-giulia\/wp-json\/wp\/v2\/comments?post=67494"}],"version-history":[{"count":0,"href":"https:\/\/comitati.fisi.org\/friuli-venezia-giulia\/wp-json\/wp\/v2\/posts\/67494\/revisions"}],"wp:featuredmedia":[{"embeddable":true,"href":"https:\/\/comitati.fisi.org\/friuli-venezia-giulia\/wp-json\/wp\/v2\/media\/67371"}],"wp:attachment":[{"href":"https:\/\/comitati.fisi.org\/friuli-venezia-giulia\/wp-json\/wp\/v2\/media?parent=67494"}],"wp:term":[{"taxonomy":"category","embeddable":true,"href":"https:\/\/comitati.fisi.org\/friuli-venezia-giulia\/wp-json\/wp\/v2\/categories?post=67494"},{"taxonomy":"post_tag","embeddable":true,"href":"https:\/\/comitati.fisi.org\/friuli-venezia-giulia\/wp-json\/wp\/v2\/tags?post=67494"}],"curies":[{"name":"wp","href":"https:\/\/api.w.org\/{rel}","templated":true}]}}