{"id":67374,"date":"2020-02-18T10:15:00","date_gmt":"2020-02-18T09:15:00","guid":{"rendered":"https:\/\/www.fisifvg.org\/?p=67374"},"modified":"2020-02-18T10:15:00","modified_gmt":"2020-02-18T09:15:00","slug":"campionati-regionali-di-biathlon-variazione-ordine-di-partenza","status":"publish","type":"post","link":"https:\/\/comitati.fisi.org\/friuli-venezia-giulia\/blog\/2020\/02\/18\/campionati-regionali-di-biathlon-variazione-ordine-di-partenza\/","title":{"rendered":"Campionati Regionali di biathlon, variazione ordine di partenza"},"content":{"rendered":"<p><a href=\"http:\/\/comitati.fisi.org\/friuli-venezia-giulia\/wp-content\/uploads\/sites\/34\/2020\/02\/fgf-2.jpeg\"><img loading=\"lazy\" decoding=\"async\" class=\"alignright wp-image-67376\" src=\"http:\/\/comitati.fisi.org\/friuli-venezia-giulia\/wp-content\/uploads\/sites\/34\/2020\/02\/fgf-2-400x400.jpeg\" alt=\"\" width=\"302\" height=\"400\" \/><\/a>Si svolgeranno sabato 22 febbraio alla Carnia Arena di Piani di Luzza, a Forni Avoltri, i Campionati Regionali di biathlon, inizialmente previsti a fine dicembre ma rinviati a causa dell\u2019insufficiente innevamento.<\/p>\n<p>La manifestazione, organizzata da ASD Monte Coglians e Sci CAI Trieste, prevede la prova sprint per il settore aria compressa (Ragazzi e Allievi), mentre per il piccolo calibro (Aspiranti, Giovani, Junior e Senior) ci sar\u00e0 una gara individuale.<\/p>\n<p>Rispetto al Programma inizialmente stabilito, c&#8217;\u00e8 una novit\u00e0 nell&#8217;ordine di partenza: la prima gara, dalle 9.20, sar\u00e0 l&#8217;individuale, seguita poi dalla sprint (in sostanza \u00e8 stato invertito l&#8217;odp fra piccolo calibro e aria compressa).<\/p>\n<p><em><strong>(PhotoSolero)<\/strong><\/em><\/p>\n","protected":false},"excerpt":{"rendered":"<p>Rispetto al Programma inizialmente stabilito, la prima gara sar\u00e0 l&#8217;individuale per il piccolo calibro, seguita dalla sprint per l&#8217;aria compressa<\/p>\n","protected":false},"author":4,"featured_media":64222,"comment_status":"closed","ping_status":"closed","sticky":false,"template":"","format":"standard","meta":{"_acf_changed":false,"footnotes":""},"categories":[13,10],"tags":[],"acf":[],"_links":{"self":[{"href":"https:\/\/comitati.fisi.org\/friuli-venezia-giulia\/wp-json\/wp\/v2\/posts\/67374"}],"collection":[{"href":"https:\/\/comitati.fisi.org\/friuli-venezia-giulia\/wp-json\/wp\/v2\/posts"}],"about":[{"href":"https:\/\/comitati.fisi.org\/friuli-venezia-giulia\/wp-json\/wp\/v2\/types\/post"}],"author":[{"embeddable":true,"href":"https:\/\/comitati.fisi.org\/friuli-venezia-giulia\/wp-json\/wp\/v2\/users\/4"}],"replies":[{"embeddable":true,"href":"https:\/\/comitati.fisi.org\/friuli-venezia-giulia\/wp-json\/wp\/v2\/comments?post=67374"}],"version-history":[{"count":0,"href":"https:\/\/comitati.fisi.org\/friuli-venezia-giulia\/wp-json\/wp\/v2\/posts\/67374\/revisions"}],"wp:featuredmedia":[{"embeddable":true,"href":"https:\/\/comitati.fisi.org\/friuli-venezia-giulia\/wp-json\/wp\/v2\/media\/64222"}],"wp:attachment":[{"href":"https:\/\/comitati.fisi.org\/friuli-venezia-giulia\/wp-json\/wp\/v2\/media?parent=67374"}],"wp:term":[{"taxonomy":"category","embeddable":true,"href":"https:\/\/comitati.fisi.org\/friuli-venezia-giulia\/wp-json\/wp\/v2\/categories?post=67374"},{"taxonomy":"post_tag","embeddable":true,"href":"https:\/\/comitati.fisi.org\/friuli-venezia-giulia\/wp-json\/wp\/v2\/tags?post=67374"}],"curies":[{"name":"wp","href":"https:\/\/api.w.org\/{rel}","templated":true}]}}