{"id":67345,"date":"2020-02-17T16:47:37","date_gmt":"2020-02-17T15:47:37","guid":{"rendered":"https:\/\/www.fisifvg.org\/?p=67345"},"modified":"2020-02-17T16:47:37","modified_gmt":"2020-02-17T15:47:37","slug":"lisa-vittozzi-sono-fiduciosa-di-tornare-al-top-per-lindividuale-dei-mondiali","status":"publish","type":"post","link":"https:\/\/comitati.fisi.org\/friuli-venezia-giulia\/blog\/2020\/02\/17\/lisa-vittozzi-sono-fiduciosa-di-tornare-al-top-per-lindividuale-dei-mondiali\/","title":{"rendered":"Lisa Vittozzi: \u00abSono fiduciosa di tornare al top per l&#8217;individuale dei Mondiali\u00bb"},"content":{"rendered":"<p>Primo riposo per i Mondiali di biathlon ad Anterselva dopo quattro giornate di intense emozioni che hanno regalato un oro e un argento all&#8217;Italia. Marted\u00ec 18 febbraio si riprende con la 15 km individuale femminile (ore 14.15), che sar\u00e0 seguita mercoled\u00ec 19 febbraio dall&#8217;individuale maschile (ore 14.15), gioved\u00ec 20 febbraio dalla staffetta singola mista (ore 15.15), sabato 22 febbraio con le staffette (donne alle ore 11.45 e uomini alle ore 14.45) e domenica 23 febbraio con le mass start (donne alle ore 12.30 e uomini alle ore 15.00), il tutto trasmesso in diretta tv su Raisport ed Eurosport. A proposito di televisione, l&#8217;indimenticabile successo di Dorothea Wierer nella pursuit ha registrato anche un record di ascolti televisivi: la sua cavalcata ha avuto su Raisport una media di 351 mila spettatori, pari a oltre il 2% di share, e la seconda settimana di competizioni promette un&#8217;ulteriore crescita.<\/p>\n<p>Nell&#8217;individuale di marted\u00ec sar\u00e0 confermato il quartetto che ha preso parte alla sprint di apertura della rassegna iridata: si tratta di Dorothea Wierer, Lisa Vittozzi, Federica Sanfilippo e Michela Carrara.<\/p>\n<p>Lisa va a caccia di rivincite dopo un inseguimento che l&#8217;ha vista lontana dal gioco delle medaglie.<em> &#8220;Non mi sono sentita bene sugli sci sin di primi metri di gara &#8211; racconta -, ma guardiamo avanti. L&#8217;individuale \u00e8 un format sul quale ho lavorato molto e dove posso essere competitiva, ho analizzato con i tecnici quali sono gli aspetti sui quali lavorare, sono fiduciosa di tornare al top sin da questa occasione&#8221;.<\/em><\/p>\n","protected":false},"excerpt":{"rendered":"<p>La sappadina di nuovo in pista marted\u00ec 18 ad Anterselva dopo un inseguimento che l&#8217;ha vista in difficolt\u00e0<\/p>\n","protected":false},"author":4,"featured_media":67309,"comment_status":"closed","ping_status":"closed","sticky":false,"template":"","format":"standard","meta":{"_acf_changed":false,"footnotes":""},"categories":[13,10],"tags":[],"acf":[],"_links":{"self":[{"href":"https:\/\/comitati.fisi.org\/friuli-venezia-giulia\/wp-json\/wp\/v2\/posts\/67345"}],"collection":[{"href":"https:\/\/comitati.fisi.org\/friuli-venezia-giulia\/wp-json\/wp\/v2\/posts"}],"about":[{"href":"https:\/\/comitati.fisi.org\/friuli-venezia-giulia\/wp-json\/wp\/v2\/types\/post"}],"author":[{"embeddable":true,"href":"https:\/\/comitati.fisi.org\/friuli-venezia-giulia\/wp-json\/wp\/v2\/users\/4"}],"replies":[{"embeddable":true,"href":"https:\/\/comitati.fisi.org\/friuli-venezia-giulia\/wp-json\/wp\/v2\/comments?post=67345"}],"version-history":[{"count":0,"href":"https:\/\/comitati.fisi.org\/friuli-venezia-giulia\/wp-json\/wp\/v2\/posts\/67345\/revisions"}],"wp:featuredmedia":[{"embeddable":true,"href":"https:\/\/comitati.fisi.org\/friuli-venezia-giulia\/wp-json\/wp\/v2\/media\/67309"}],"wp:attachment":[{"href":"https:\/\/comitati.fisi.org\/friuli-venezia-giulia\/wp-json\/wp\/v2\/media?parent=67345"}],"wp:term":[{"taxonomy":"category","embeddable":true,"href":"https:\/\/comitati.fisi.org\/friuli-venezia-giulia\/wp-json\/wp\/v2\/categories?post=67345"},{"taxonomy":"post_tag","embeddable":true,"href":"https:\/\/comitati.fisi.org\/friuli-venezia-giulia\/wp-json\/wp\/v2\/tags?post=67345"}],"curies":[{"name":"wp","href":"https:\/\/api.w.org\/{rel}","templated":true}]}}