{"id":67285,"date":"2020-02-17T14:00:06","date_gmt":"2020-02-17T13:00:06","guid":{"rendered":"https:\/\/www.fisifvg.org\/?p=67285"},"modified":"2020-02-17T14:00:06","modified_gmt":"2020-02-17T13:00:06","slug":"discesa-fis-a-sella-nevea-cazzaniga-il-piu-veloce-nella-prima-prova-cronometrata","status":"publish","type":"post","link":"https:\/\/comitati.fisi.org\/friuli-venezia-giulia\/blog\/2020\/02\/17\/discesa-fis-a-sella-nevea-cazzaniga-il-piu-veloce-nella-prima-prova-cronometrata\/","title":{"rendered":"Discesa FIS a Sella Nevea, Cazzaniga il pi\u00f9 veloce nella prima prova cronometrata"},"content":{"rendered":"<p>Con la prova cronometrata della discesa, ha preso il via oggi\u00a0la lunga settimana di <strong>gare FIS maschili<\/strong>\u00a0organizzate dallo<strong> Sci Club 70<\/strong>, che per l&#8217;occasione mette in palio il <strong>Trofeo Cinquantennale.<\/strong><\/p>\n<p>Appuntamento sulla pista Canin di <strong>Sella Nevea<\/strong> con un intenso programma, che prevede marted\u00ec 18 alle 11 la gara di discesa e successivamente un&#8217;altra prova, mercoled\u00ec 19 la gara di discesa e successivamente lo slalom valido per la combinata alpino, gioved\u00ec 20 il superG, venerd\u00ec 21 un altro superG.<\/p>\n<div id=\"attachment_61684\" style=\"width: 310px\" class=\"wp-caption alignright\"><a href=\"https:\/\/www.fisifvg.org\/wp-content\/uploads\/2019\/10\/ALPINO-2020-Giovanni-Vanino2.jpeg\"><img loading=\"lazy\" decoding=\"async\" aria-describedby=\"caption-attachment-61684\" class=\"size-full wp-image-61684\" src=\"https:\/\/www.fisifvg.org\/wp-content\/uploads\/2019\/10\/ALPINO-2020-Giovanni-Vanino2.jpeg\" alt=\"\" width=\"300\" height=\"301\" \/><\/a><p id=\"caption-attachment-61684\" class=\"wp-caption-text\">Giovanni Vanino<\/p><\/div>\n<p>Oggi, quindi, la prova prova, che ha visto un nome noto realizzare il miglior tempo, ovvero <strong>Davide Cazzaniga,<\/strong> al via in questa stagione in Coppa del Mondo a Bormio, Wengen, Kitzbuehel, Garmisch e Saalbach.<\/p>\n<p>Il velocista brianzolo ha chiuso in 1&#8217;05&#8243;28, precedendo di 0&#8243;31 lo svedese Zack Monsen e di 0&#8243;61 lo sloveno Martin Cater.<\/p>\n<p>In gara anche ragazzi degli <strong>sci club FISI FVG,<\/strong> il migliore dei quali \u00e8 stato <strong>Giovanni Vanino, esponente della squadra di Comitato e del Cimenti<\/strong>, 42\u00b0 a 2&#8243;34.<\/p>\n<p>Al via sciatori provenienti da quindici nazioni, ovvero Svezia, Slovenia, Svizzera, Slovacchia, Liechtenstein, Gran Bretagna, Andorra, Repubblica Ceca, Spagna, Austria, Germania, Francia, Cile, Bulgaria e ovviamente Italia.<\/p>\n<p>Appena disponibile, pubblicheremo su questa stessa pagina la start list della discesa di marted\u00ec 18.<\/p>\n<p><a href=\"https:\/\/www.fisifvg.org\/wp-content\/uploads\/2019\/11\/2020-Regolamento-Gare-FIS-MASCHILI.pdf\">Programma<\/a><br \/>\n<a href=\"https:\/\/www.fisifvg.org\/wp-content\/uploads\/2019\/11\/Classifica-ufficiale-1.pdf\">Classifica prova luned\u00ec<\/a><br \/>\n<a href=\"http:\/\/comitati.fisi.org\/friuli-venezia-giulia\/wp-content\/uploads\/sites\/34\/2020\/02\/Ordine-di-partenza-3-1.pdf\">Ordine di partenza discesa marted\u00ec<\/a><\/p>\n<p><em><strong>(nella foto Pentaphoto di copertina, Davide Cazzaniga)<\/strong><\/em><\/p>\n","protected":false},"excerpt":{"rendered":"<p>Ha preso il via oggi\u00a0la lunga settimana di gare maschili\u00a0organizzate dallo Sci Club 70, che per l&#8217;occasione mette in palio il Trofeo Cinquantennale<\/p>\n","protected":false},"author":4,"featured_media":67297,"comment_status":"closed","ping_status":"closed","sticky":false,"template":"","format":"standard","meta":{"_acf_changed":false,"footnotes":""},"categories":[15],"tags":[],"acf":[],"_links":{"self":[{"href":"https:\/\/comitati.fisi.org\/friuli-venezia-giulia\/wp-json\/wp\/v2\/posts\/67285"}],"collection":[{"href":"https:\/\/comitati.fisi.org\/friuli-venezia-giulia\/wp-json\/wp\/v2\/posts"}],"about":[{"href":"https:\/\/comitati.fisi.org\/friuli-venezia-giulia\/wp-json\/wp\/v2\/types\/post"}],"author":[{"embeddable":true,"href":"https:\/\/comitati.fisi.org\/friuli-venezia-giulia\/wp-json\/wp\/v2\/users\/4"}],"replies":[{"embeddable":true,"href":"https:\/\/comitati.fisi.org\/friuli-venezia-giulia\/wp-json\/wp\/v2\/comments?post=67285"}],"version-history":[{"count":0,"href":"https:\/\/comitati.fisi.org\/friuli-venezia-giulia\/wp-json\/wp\/v2\/posts\/67285\/revisions"}],"wp:featuredmedia":[{"embeddable":true,"href":"https:\/\/comitati.fisi.org\/friuli-venezia-giulia\/wp-json\/wp\/v2\/media\/67297"}],"wp:attachment":[{"href":"https:\/\/comitati.fisi.org\/friuli-venezia-giulia\/wp-json\/wp\/v2\/media?parent=67285"}],"wp:term":[{"taxonomy":"category","embeddable":true,"href":"https:\/\/comitati.fisi.org\/friuli-venezia-giulia\/wp-json\/wp\/v2\/categories?post=67285"},{"taxonomy":"post_tag","embeddable":true,"href":"https:\/\/comitati.fisi.org\/friuli-venezia-giulia\/wp-json\/wp\/v2\/tags?post=67285"}],"curies":[{"name":"wp","href":"https:\/\/api.w.org\/{rel}","templated":true}]}}