{"id":67244,"date":"2020-02-16T16:42:17","date_gmt":"2020-02-16T15:42:17","guid":{"rendered":"https:\/\/www.fisifvg.org\/?p=67244"},"modified":"2020-02-16T16:42:17","modified_gmt":"2020-02-16T15:42:17","slug":"alla-sua-prima-30-km-martina-di-centa-trionfa-nella-gran-fondo-val-casies","status":"publish","type":"post","link":"https:\/\/comitati.fisi.org\/friuli-venezia-giulia\/blog\/2020\/02\/16\/alla-sua-prima-30-km-martina-di-centa-trionfa-nella-gran-fondo-val-casies\/","title":{"rendered":"Alla sua prima 30 km Martina Di Centa trionfa nella Gran Fondo Val Casies"},"content":{"rendered":"<p style=\"font-weight: 400\"><strong>Gran Fondo Val Casies 2020<\/strong> \u2026grandi firme. Oggi la 37.a edizione in tecnica libera racconta di grandi imprese con Florian Cappello e<strong> Martina Di Centa, carabiniera della squadra FISI FVG, nella 30 km<\/strong>, e di Mirco Bertolina e Sara Pellegrini nella 42 km. Su una pista eccellente sono stati oltre 2300 gli iscritti alla gara di ieri e a quella odierna, compresi i 200 \u201cjust for fun\u201d e gli oltre 200 giovanissimi alla Mini Val Casies, confermando cos\u00ec la Gran Fondo Val Casies come secondo maggior evento dello sci di fondo in Italia.<\/p>\n<p style=\"font-weight: 400\">Florian Cappello ha vinto in una volata a quattro, bissando il successo di ieri in tecnica classica. Appena dietro il pusterese Patrick Klettenhammer e ancora il compagno di squadra (Team Robinson Trentino) Matteo Tanel. La gara scattata alle 10.30 ha visto subito formarsi in testa un gruppone con tutti i migliori di Coppa Italia ed alcuni stranieri, gruppo veloce e con diversi cambi al vertice soprattutto tra gli atleti del CS Carabinieri e del CS Esercito. Tutta una serie di scaramucce con Nizzi, Fanton, Gardener e Liederer a tenere alto il ritmo, mentre sia Cappello che Bertolina stavano sempre ben coperti.<\/p>\n<div id=\"attachment_67247\" style=\"width: 410px\" class=\"wp-caption alignright\"><a href=\"http:\/\/comitati.fisi.org\/friuli-venezia-giulia\/wp-content\/uploads\/sites\/34\/2020\/02\/DiCenta_Gruppo.jpg\"><img loading=\"lazy\" decoding=\"async\" aria-describedby=\"caption-attachment-67247\" class=\"size-thumbnail wp-image-67247\" src=\"http:\/\/comitati.fisi.org\/friuli-venezia-giulia\/wp-content\/uploads\/sites\/34\/2020\/02\/DiCenta_Gruppo-400x400.jpg\" alt=\"\" width=\"400\" height=\"400\" \/><\/a><p id=\"caption-attachment-67247\" class=\"wp-caption-text\">Martina Di Centa durante la gara<\/p><\/div>\n<p style=\"font-weight: 400\">Tra le donne invece alla testa si \u00e8 messa subito, e da sola, Sara Pellegrini e nessuna delle rivali \u00e8 mai stata capace di agganciarla o vederla da vicino.<\/p>\n<p style=\"font-weight: 400\">Sulla carta si sapeva a grandi linee chi avrebbe affrontato la 42 km e chi invece a San Martino avrebbe piegato per la 30 km, anche se un allungo inatteso di Fanton ha scombinato un po\u2019 le carte. Per la Coppa Italia, torneo molto ambito dai gruppi sportivi militari, il regolamento prevedeva la 30 km per le donne e la 42 km per i maschi. \u00c8 stato cos\u00ec che al bivio gli atleti militari hanno affrontato la salita per Santa Maddalena mentre, come annunciato, il venostano di Prato Florian Cappello piegava veloce verso il traguardo riuscendo ad avvantaggiarsi di qualche metro su un terzetto composto da Brunner, Klettenhammer e Tanel e andando a cogliere un bel bis di successi. Dietro \u00e8 successo di tutto: Brunner ha allargato alla sua sinistra su Klettenhammer, Tanel nella spaccata sul traguardo infilava il suo sci sinistro sotto lo sci destro col risultato che Klettenhammer centrava la valletta con la fascia\u2026 finendo a terra, e Tanel con la spaccata veniva accreditato terzo, ma finiva a terra pure lui.<\/p>\n<div id=\"attachment_67248\" style=\"width: 610px\" class=\"wp-caption alignleft\"><a href=\"http:\/\/comitati.fisi.org\/friuli-venezia-giulia\/wp-content\/uploads\/sites\/34\/2020\/02\/DiCenta_Vincitrice30km.jpg\"><img loading=\"lazy\" decoding=\"async\" aria-describedby=\"caption-attachment-67248\" class=\"wp-image-67248\" src=\"http:\/\/comitati.fisi.org\/friuli-venezia-giulia\/wp-content\/uploads\/sites\/34\/2020\/02\/DiCenta_Vincitrice30km-400x400.jpg\" alt=\"\" width=\"600\" height=\"334\" \/><\/a><p id=\"caption-attachment-67248\" class=\"wp-caption-text\">Martina Di Centa appena tagliato il traguardo<\/p><\/div>\n<p style=\"font-weight: 400\">Nella gara femminile, con la Pellegrini che aveva annunciato di puntare alla \u201clunga\u201d, si concretizzava un gruppo con otto ragazze e con<strong> Martina Di Centa che nel finale si sfilava dalle rivali e andava a vincere<\/strong> con 1\u201d su Ilenia Defrancesco e 19\u201d sull<strong>&#8216;ex compagnia di Comitato Rebecca Bergagnin, terza<\/strong>, con Stefania Corradini ad accontentarsi della medaglia di legno.<\/p>\n<p><em>\u201cEsperienza tutta nuova per me: \u00e8 la prima volta che faccio una gara cos\u00ec lunga, il massimo sino ad ora erano i 15 km \u2013\u00a0<\/em>dice Martina Di Centa\u00a0<em>-. Questo primo posto \u00e8 davvero una grande soddisfazione. Col mio allenatore eravamo d\u2019accordo di affrontare la gara come \u201callenamento\u201d, questa settimana per me \u00e8 stata di carico, con tante ore di lavoro, e la settimana prossima me la prender\u00f2 per scaricare. Far\u00f2 meno ore, per arrivare in forma ai Campionati Italiani del prossimo fine settimana e ovviamente ai Mondiali Juniores, al via a fine mese\u201d.<\/em><\/p>\n<p style=\"font-weight: 400\">Sul percorso lungo Fanton teneva duro, ma dietro\u2026 dall\u2019anonimato usciva Mirco Bertolina imitato da Stefano Gardener e i due con una marcia in pi\u00f9 prendevano la testa. In discesa Bertolina rischiava quel pelino in pi\u00f9 di Gardener ed era lui ad aggiudicarsi la vittoria (1h37\u201940\u201d) con Gardener ormai arreso, secondo a 18\u201d mentre Fanton pagava lo sforzo dell\u2019allungo in solitaria e ne approfittava Dietmar N\u00f6ckler, che saliva sul podio. Intanto tra le donne, nella 42 km, Sara Pellegrini pregustava meritatamente la vittoria e sul traguardo (1h45\u201953\u201d) era tutta sola, con la vincitrice di ieri, Klara Moravcova (CZE) seconda a 4\u201927\u201d e Anna Seebacher terza a 6\u201921\u201d.<\/p>\n<p style=\"font-weight: 400\">La 37.a Gran Fondo Val Casies va in archivio con un ennesimo successo, una bella diretta su Rai Sport e tanti complimenti con l\u2019arrivederci alla 38.a edizione nel 2021, con la \u201cbenedizione\u201d del presidente della Provincia di Bolzano Arno Kompatscher presente sugli spalti.<\/p>\n","protected":false},"excerpt":{"rendered":"<p>L&#8217;esponente della squadra FISI FVG fa sua la prova che ha visto al terzo posto l&#8217;ex compagna di Comitato Rebecca Bergagnin<\/p>\n","protected":false},"author":4,"featured_media":67246,"comment_status":"closed","ping_status":"closed","sticky":false,"template":"","format":"standard","meta":{"_acf_changed":false,"footnotes":""},"categories":[10,11],"tags":[],"acf":[],"_links":{"self":[{"href":"https:\/\/comitati.fisi.org\/friuli-venezia-giulia\/wp-json\/wp\/v2\/posts\/67244"}],"collection":[{"href":"https:\/\/comitati.fisi.org\/friuli-venezia-giulia\/wp-json\/wp\/v2\/posts"}],"about":[{"href":"https:\/\/comitati.fisi.org\/friuli-venezia-giulia\/wp-json\/wp\/v2\/types\/post"}],"author":[{"embeddable":true,"href":"https:\/\/comitati.fisi.org\/friuli-venezia-giulia\/wp-json\/wp\/v2\/users\/4"}],"replies":[{"embeddable":true,"href":"https:\/\/comitati.fisi.org\/friuli-venezia-giulia\/wp-json\/wp\/v2\/comments?post=67244"}],"version-history":[{"count":0,"href":"https:\/\/comitati.fisi.org\/friuli-venezia-giulia\/wp-json\/wp\/v2\/posts\/67244\/revisions"}],"wp:featuredmedia":[{"embeddable":true,"href":"https:\/\/comitati.fisi.org\/friuli-venezia-giulia\/wp-json\/wp\/v2\/media\/67246"}],"wp:attachment":[{"href":"https:\/\/comitati.fisi.org\/friuli-venezia-giulia\/wp-json\/wp\/v2\/media?parent=67244"}],"wp:term":[{"taxonomy":"category","embeddable":true,"href":"https:\/\/comitati.fisi.org\/friuli-venezia-giulia\/wp-json\/wp\/v2\/categories?post=67244"},{"taxonomy":"post_tag","embeddable":true,"href":"https:\/\/comitati.fisi.org\/friuli-venezia-giulia\/wp-json\/wp\/v2\/tags?post=67244"}],"curies":[{"name":"wp","href":"https:\/\/api.w.org\/{rel}","templated":true}]}}