{"id":67149,"date":"2020-02-16T19:51:38","date_gmt":"2020-02-16T18:51:38","guid":{"rendered":"https:\/\/www.fisifvg.org\/?p=67149"},"modified":"2020-02-16T19:51:38","modified_gmt":"2020-02-16T18:51:38","slug":"al-via-la-settimana-di-gare-fis-maschili-a-sella-nevea","status":"publish","type":"post","link":"https:\/\/comitati.fisi.org\/friuli-venezia-giulia\/blog\/2020\/02\/16\/al-via-la-settimana-di-gare-fis-maschili-a-sella-nevea\/","title":{"rendered":"Al via la settimana di gare FIS maschili a Sella Nevea"},"content":{"rendered":"<p>Prende il via<strong> luned\u00ec 17 febbraio<\/strong> la lunga settimana di <strong>gare FIS maschili<\/strong>\u00a0organizzate dallo<strong> Sci Club 70<\/strong>, che per l&#8217;occasione mette in palio il <strong>Trofeo Cinquantennale.<\/strong><\/p>\n<p>Appuntamento sulla pista Canin di <strong>Sella Nevea<\/strong> con un intenso programma, che prevede luned\u00ec 17 alle ore 11 la prova della discesa, marted\u00ec 18 la gara di discesa e successivamente un&#8217;altra prova, mercoled\u00ec 19 la gara di discesa e successivamente lo slalom valido per la combinata alpino, gioved\u00ec 20 il superG, venerd\u00ec 21 un altro superG.<\/p>\n<p><a href=\"https:\/\/www.fisifvg.org\/wp-content\/uploads\/2019\/11\/2020-Regolamento-Gare-FIS-MASCHILI.pdf\">Programma<\/a><br \/>\n<a href=\"http:\/\/comitati.fisi.org\/friuli-venezia-giulia\/wp-content\/uploads\/sites\/34\/2020\/02\/Ordine-di-partenza-DH-TRA.pdf\">Ordine di partenza prova discesa luned\u00ec 17<\/a><\/p>\n","protected":false},"excerpt":{"rendered":"<p>Appuntamento sulla pista Canin dal 17 al 21 febbraio con il Trofeo Cinquantennale dello Sci Club 70.<\/p>\n","protected":false},"author":4,"featured_media":23862,"comment_status":"closed","ping_status":"closed","sticky":false,"template":"","format":"standard","meta":{"_acf_changed":false,"footnotes":""},"categories":[15],"tags":[],"acf":[],"_links":{"self":[{"href":"https:\/\/comitati.fisi.org\/friuli-venezia-giulia\/wp-json\/wp\/v2\/posts\/67149"}],"collection":[{"href":"https:\/\/comitati.fisi.org\/friuli-venezia-giulia\/wp-json\/wp\/v2\/posts"}],"about":[{"href":"https:\/\/comitati.fisi.org\/friuli-venezia-giulia\/wp-json\/wp\/v2\/types\/post"}],"author":[{"embeddable":true,"href":"https:\/\/comitati.fisi.org\/friuli-venezia-giulia\/wp-json\/wp\/v2\/users\/4"}],"replies":[{"embeddable":true,"href":"https:\/\/comitati.fisi.org\/friuli-venezia-giulia\/wp-json\/wp\/v2\/comments?post=67149"}],"version-history":[{"count":0,"href":"https:\/\/comitati.fisi.org\/friuli-venezia-giulia\/wp-json\/wp\/v2\/posts\/67149\/revisions"}],"wp:featuredmedia":[{"embeddable":true,"href":"https:\/\/comitati.fisi.org\/friuli-venezia-giulia\/wp-json\/wp\/v2\/media\/23862"}],"wp:attachment":[{"href":"https:\/\/comitati.fisi.org\/friuli-venezia-giulia\/wp-json\/wp\/v2\/media?parent=67149"}],"wp:term":[{"taxonomy":"category","embeddable":true,"href":"https:\/\/comitati.fisi.org\/friuli-venezia-giulia\/wp-json\/wp\/v2\/categories?post=67149"},{"taxonomy":"post_tag","embeddable":true,"href":"https:\/\/comitati.fisi.org\/friuli-venezia-giulia\/wp-json\/wp\/v2\/tags?post=67149"}],"curies":[{"name":"wp","href":"https:\/\/api.w.org\/{rel}","templated":true}]}}