{"id":67096,"date":"2020-02-15T16:18:51","date_gmt":"2020-02-15T15:18:51","guid":{"rendered":"https:\/\/www.fisifvg.org\/?p=67096"},"modified":"2020-02-15T16:18:51","modified_gmt":"2020-02-15T15:18:51","slug":"asia-patini-ottima-quarta-nella-42-km-tc-della-gran-fondo-val-casies","status":"publish","type":"post","link":"https:\/\/comitati.fisi.org\/friuli-venezia-giulia\/blog\/2020\/02\/15\/asia-patini-ottima-quarta-nella-42-km-tc-della-gran-fondo-val-casies\/","title":{"rendered":"Asia Patini ottima quarta nella 42 km tc della Gran Fondo Val Casies"},"content":{"rendered":"<p><em><strong>Riceviamo e volentieri pubblichiamo il comunicato stampa dell&#8217;organizzazione della Gran Fondo Val Casies, in Alto Adige, che ha visto il quarto posto di Asia Patini della Fornese nella 42 km tc femminile; Asia si \u00e8 migliorata di ben 20&#8242; rispetto al tempo dell&#8217;anno scorso, conquistando anche il successo nella classifica di categoria U30. Nella foto \u00e8 la quarta da sinistra.<\/strong><\/em><\/p>\n<p style=\"font-weight: 400\">Tutti col fiato sospeso alla <strong>37.a Gran Fondo Val Casies<\/strong> nella gara pi\u00f9 attesa, la 42 km in tecnica classica. Arrivo in volata tra Lorenzo Busin e Mauro Brigadoi, Busin annunciato inizialmente vincitore, ma il fotofinish sovverte tutto e Mauro Brigadoi balza sul gradino pi\u00f9 alto del podio per la seconda volta, nella vallata altoatesina che pare creata apposta per lo sci di fondo. Tra le donne vittoria cristallina della ceca Klara Moravcova, mentre la contesa pi\u00f9 breve, la 30 km sempre in tecnica classica, \u00e8 stata vinta dal bolzanino Florian Cappello e dalla tedesca Franziska M\u00fcller.<\/p>\n<p style=\"font-weight: 400\">Gara tutta da incorniciare, quella di oggi, \u2018anticipo\u2019 di quella di domani sulle stesse distanze ma in tecnica libera. Partenza alle 10 con temperatura di poco sopra lo zero e dunque pista velocissima e in condizioni perfette, sia per quanti puntavano alla classifica sia per quelli che facevano parte del grande gruppo dei \u201cbisonti\u201d, amatori ormai fedelissimi alla Gran Fondo Val Casies.<\/p>\n<p style=\"font-weight: 400\">Pronti via e subito alla testa si crea un gruppetto con una ventina di atleti, tutti i pi\u00f9 forti con gli specialisti dei teams trentini SottoZero, Robinson Trentino e Futura a comandare le operazioni e con Giacomo Gabrielli del CS Esercito l\u00ec a pungolare proprio i pi\u00f9 forti. Davanti spesso i \u201cgregari\u201d, e appena dietro i favoriti di giornata Brigadoi e Busin, assieme a loro anche quelli che poi avrebbero optato per la 30 km, vale a dire Tanel e Cappello, ma tra le \u2018lepri\u2019 c\u2019erano anche il tedesco Max Olex e subito alle spalle del gruppetto di testa Reinhard Kargruber. Col proseguire dei chilometri la situazione cambiava di poco; a Tesido, in cima alla lunga salita, Brigadoi era davanti a tutti tallonato da Busin, Gabrielli, Ferrari, Cappello e Varesco, anteprima di quello che poco pi\u00f9 tardi si sarebbe visto in centro a San Martino in Casies.<\/p>\n<p style=\"font-weight: 400\">Dopo la discesa da Tesido prima volata di giornata per il traguardo sprint Sportful, con Giacomo Gabrielli a sverniciare Lorenzo Busin e un inatteso Niklas Lieder. Poi momento di suspance quando a San Martino gli atleti dovevano decidere se chiudere la fatica dopo 30 km o proseguire verso Santa Maddalena con la salita pi\u00f9 dura di giornata e completare i 42 km.<\/p>\n<p style=\"font-weight: 400\">Il primo a piegare verso il traguardo \u00e8 stato Florian Cappello e primo a farsi mettere la corona d\u2019alloro al collo (1h12\u201952\u201d), svincolandosi da un pericoloso Max Olex (GER) che \u00e8 finto ad appena 2\u201d, con Matteo Tanel terzo, a completare il successo del Team Robinson Trentino. Sono trascorsi una decina di minuti prima di conoscere la vincitrice della gara breve, con Franziska M\u00fcller a tagliare la striscia sul traguardo dopo 1h23\u201943\u201d, un arrivo tranquillo perch\u00e9 la seconda, Tereza Hujerova (CZE), \u00e8 arrivata attardata di 1\u20195\u201d e la terza, Jessica Dozler tedesca pure lei, addirittura a 6\u2019.<\/p>\n<p style=\"font-weight: 400\">La gara maschile della 42 km nel frattempo arrancava veloce verso Santa Maddalena, con Busin che non \u00e8 mai riuscito a scrollarsi di dosso Brigadoi, a loro volta seguiti da Gabrielli, Varesco e Ferrari. Al traguardo volante \u201cHotel Quelle\u201d, prima di Santa Maddalena, volata con Simone Varesco a guadagnarsi gli appalusi davanti a Brigadoi e Busin. Finita la fatica all\u2019ins\u00f9, Brigadoi ha messo la freccia, Busin sulle code dei suoi sci, e Gabrielli appena qualche metro dietro. Tutto si decideva nel finale. Nell\u2019ultima curva i due \u2018rivali\u2019 di sempre, Brigadoi del Team SottoZero e Busin del Team Robinson Trentino, arrivavano appaiati, una fotocopia l\u2019uno dell\u2019altro. Finale in apnea e in double poling, con i due ancora in \u201cfotocopia\u201d e col fotofinish a decidere. Cos\u00ec dopo qualche attimo di suspance la corona vola al collo di Brigadoi, che sportivamente va a stringere la mano a Busin. Gabrielli \u00e8 terzo a 37\u201d. Un podio tutto fiemmese, dunque, con Varesco e Ferrari appena dietro e il locale Manuel Amhof sesto e primo altoatesino. Tra Brigadoi e Busin a decidere un \u2018misero\u2019 centesimo!<\/p>\n<p style=\"font-weight: 400\">La ceca Klara Moravcova aveva stabilito fin dai primi chilometri quale sarebbe stata la sua strategia: subito a tutta. E cos\u00ec \u00e8 stato, sempre in testa e prima sul traguardo (2h4\u201925\u201d), mai impensierita dalla finlandese Terhi Pollari giunta seconda a 1\u201917\u201d, con l\u2019italiana Chiara Caminada mai a \u201cdiscutere\u201d con le due di testa e finita terza. Dunque va in archivio la prima giornata altoatesina, con due vittorie italiane al maschile e due straniere tra le donne.<\/p>\n<p style=\"font-weight: 400\">Domani pronostici altrettanto difficili. Di sicuro Cappello e Tanel ci riprovano sulla distanza corta. Sulla lunga dovrebbe arrivare Antonella Confortola, ci riprova anche la Moravcova, certamente lo spettacolo \u00e8 assicurato. La gara di domani in skating \u00e8 valida anche per la Coppa Italia, ed ecco allora farsi largo gli azzurri Dietmar N\u00f6ckler, Zelger, Bertolina, Abram, Dellagiacoma, per citare alcuni dei pi\u00f9 attesi, e tra le donne Corradini, Defrancesco, Di Centa, Monsorno e Pellegrini. Partenza alle 10.30, diretta su Rai Sport dalle 11.30 alle 13.<\/p>\n<p style=\"font-weight: 400\"><strong>30 km CT &#8211; Men<\/strong><\/p>\n<p>1. Cappello Florian Team Robinson Trentino 1:12.52,3; 2. Olex Max Adidas XCS Team 1:12.55,2; 3. Tanel Matteo Team Robinson Trentino 1:13.26,5; 4. Lorenzi Christian Sci club valle pesio 1:13.27,3; 4. Peshkov Iurii PeshSkiRow 1:13.27,3; 6. Schwingshackl Matthias Team Futura 1:14.55,4; 7. Schubert Felian D 1:15.00,1; 8. Sadurni Betriu Boix Sottozero Gold Team 1:15.04,2; 9. Cerutti Lorenzo Team Robinson Trentino 1:15.10,0; 10. Angerer Bj\u00f6rn ASC Sesvenna 1:15.10,3<\/p>\n<p style=\"font-weight: 400\">\n<p style=\"font-weight: 400\"><strong>30 km CT &#8211; Women<\/strong><\/p>\n<p>\u00a01. M\u00fcller Franziska SC Immenstadt \/Team 1:23.43,5; 2. Hujerova Tereza Ski klub Jablonec 1:24.49,0; 3. Dotzler Jessicaxc-ski.deA\/N Skimar 1:29.57,4; 4. Gentile Marta Team Futura 1:30.46,3; 5. Tanner Petra Skimarathon Team Aus. 1:31.58,4; 6. Negrini Elisa ASC Sesvenna 1:32.10,5; 7. Hutter Sara I 1:32.10,8; 8. Maierhofer Magdalena SC Leogang Team Synnfjell 1:32.12,6; 9. Piller Caterina Team Robinson Trentino 1:32.25,2; 10. Dietze Alexandra Pulsschlag Neuhausen 1:34.16,7<\/p>\n<p style=\"font-weight: 400\"><strong>\u00a0<\/strong><\/p>\n<p style=\"font-weight: 400\"><strong>42 km CT &#8211; Men<\/strong><\/p>\n<p>1. Brigadoi Mauro Sottozero Gold Team 1:47.29,1; 2. Busin Lorenzo Team Robinson Trentino 1:47.29,2; 3. Gabrielli Giacomo GS Esercito 1:48.06,2; 4. Varesco Simone Sottozero Gold Team 1:49.55,6; 5. Ferrari Francesco Sottozero Gold Team 1:51.14,1; 6. Amhof Manuel Team Futura 1:52.25,8; 7. Mich Stefano Team Futura 1:55.58,5; 8. Ottilinger Patrick Team Tri Nordic Coac 1:56.11,9; 9. Kuchl Johannes L\u00f6ffler Skadi Loppet. 1:56.22,0; 10. Defrancesco Mathias Sottozero Gold Team 1:56.40,5<\/p>\n<p style=\"font-weight: 400\"><strong>\u00a0<\/strong><\/p>\n<p style=\"font-weight: 400\"><strong>42 km CT &#8211; Women<\/strong><\/p>\n<p>1. Moravcova Klara Fischer Racing Team 2:04.25,7; 2. Pollari Terhi Skimarathon Team Aus. 2:05.43,3; 3. Caminada Chiara Team Robinson Trentino 2:13.59,0;<strong> 4. Patini Asia Societ\u00e0 sportiva Fornese 2:20.59,6;<\/strong> 5. Forstner Renate SC AU 2:31.15,4; 6. K\u00e4fferlein Sarina TSV Stiefenhofen 2:36.12,8; 7. Schwerin Julia Maloja Glide to live 2:40.17,4; 8. Aarrestad Cathrine Bendz Lars Madland Reiser 2:42.42,7; 9. Perenzoni Elisa SottoZero Nordic Team 2:51.34,1; 10. Vasselai Barbara ASC Sarntal Langlauf 2:55.05,7<\/p>\n","protected":false},"excerpt":{"rendered":"<p>La fondista della Fornese si migliora di 20&#8242; rispetto all&#8217;anno scorso ed \u00e8 la migliore delle Under 30<\/p>\n","protected":false},"author":4,"featured_media":67097,"comment_status":"closed","ping_status":"closed","sticky":false,"template":"","format":"standard","meta":{"_acf_changed":false,"footnotes":""},"categories":[11],"tags":[],"acf":[],"_links":{"self":[{"href":"https:\/\/comitati.fisi.org\/friuli-venezia-giulia\/wp-json\/wp\/v2\/posts\/67096"}],"collection":[{"href":"https:\/\/comitati.fisi.org\/friuli-venezia-giulia\/wp-json\/wp\/v2\/posts"}],"about":[{"href":"https:\/\/comitati.fisi.org\/friuli-venezia-giulia\/wp-json\/wp\/v2\/types\/post"}],"author":[{"embeddable":true,"href":"https:\/\/comitati.fisi.org\/friuli-venezia-giulia\/wp-json\/wp\/v2\/users\/4"}],"replies":[{"embeddable":true,"href":"https:\/\/comitati.fisi.org\/friuli-venezia-giulia\/wp-json\/wp\/v2\/comments?post=67096"}],"version-history":[{"count":0,"href":"https:\/\/comitati.fisi.org\/friuli-venezia-giulia\/wp-json\/wp\/v2\/posts\/67096\/revisions"}],"wp:featuredmedia":[{"embeddable":true,"href":"https:\/\/comitati.fisi.org\/friuli-venezia-giulia\/wp-json\/wp\/v2\/media\/67097"}],"wp:attachment":[{"href":"https:\/\/comitati.fisi.org\/friuli-venezia-giulia\/wp-json\/wp\/v2\/media?parent=67096"}],"wp:term":[{"taxonomy":"category","embeddable":true,"href":"https:\/\/comitati.fisi.org\/friuli-venezia-giulia\/wp-json\/wp\/v2\/categories?post=67096"},{"taxonomy":"post_tag","embeddable":true,"href":"https:\/\/comitati.fisi.org\/friuli-venezia-giulia\/wp-json\/wp\/v2\/tags?post=67096"}],"curies":[{"name":"wp","href":"https:\/\/api.w.org\/{rel}","templated":true}]}}