{"id":67046,"date":"2020-02-15T19:02:14","date_gmt":"2020-02-15T18:02:14","guid":{"rendered":"https:\/\/www.fisifvg.org\/?p=67046"},"modified":"2020-02-15T19:02:14","modified_gmt":"2020-02-15T18:02:14","slug":"la-start-list-del-5-european-kids-ski-festival-di-tarvisio","status":"publish","type":"post","link":"https:\/\/comitati.fisi.org\/friuli-venezia-giulia\/blog\/2020\/02\/15\/la-start-list-del-5-european-kids-ski-festival-di-tarvisio\/","title":{"rendered":"La start list del 5\u00b0 European Kids Ski Festival di Tarvisio"},"content":{"rendered":"<p>Si disputa <strong>domenica 16 febbraio a Tarvisio<\/strong> la quinta edizione dell&#8217;<strong>European Kids Ski Festival,<\/strong> abbinato al <strong>Memorial Fortunato Toscan<\/strong>, il tutto per l&#8217;organizzazione dello <strong>Sci CAI Monte Lussari.<\/strong><\/p>\n<p>La gara, uno slalom gigante, \u00e8 riservata, lo si deduce dal nome, agli sciatori pi\u00f9 piccoli e si svolger\u00e0 a partire dalle 9.30, con premiazione alle 14 prsso l&#8217;Hotel Il Cervo.<\/p>\n<p>Al via 213 sciatori di Italia, Austria e Slovenia.<\/p>\n<p><a href=\"https:\/\/www.fisifvg.org\/wp-content\/uploads\/2019\/11\/Programma-EKS-1.pdf\">Programma<\/a><br \/>\n<a href=\"http:\/\/comitati.fisi.org\/friuli-venezia-giulia\/wp-content\/uploads\/sites\/34\/2020\/02\/Ordine-di-partenza-3.pdf\">Ordine di partenza<\/a><\/p>\n<p><em><strong>(nella foto la premiazione della 4a edizione, svoltasi nel gennaio 2019 a Arnoldstein, in Austria)<\/strong><\/em><\/p>\n","protected":false},"excerpt":{"rendered":"<p>Lo slalom gigante vedr\u00e0 al via giovanissimi sciatori di Italia, Austria e Slovenia<\/p>\n","protected":false},"author":4,"featured_media":53746,"comment_status":"closed","ping_status":"closed","sticky":false,"template":"","format":"standard","meta":{"_acf_changed":false,"footnotes":""},"categories":[15],"tags":[],"acf":[],"_links":{"self":[{"href":"https:\/\/comitati.fisi.org\/friuli-venezia-giulia\/wp-json\/wp\/v2\/posts\/67046"}],"collection":[{"href":"https:\/\/comitati.fisi.org\/friuli-venezia-giulia\/wp-json\/wp\/v2\/posts"}],"about":[{"href":"https:\/\/comitati.fisi.org\/friuli-venezia-giulia\/wp-json\/wp\/v2\/types\/post"}],"author":[{"embeddable":true,"href":"https:\/\/comitati.fisi.org\/friuli-venezia-giulia\/wp-json\/wp\/v2\/users\/4"}],"replies":[{"embeddable":true,"href":"https:\/\/comitati.fisi.org\/friuli-venezia-giulia\/wp-json\/wp\/v2\/comments?post=67046"}],"version-history":[{"count":0,"href":"https:\/\/comitati.fisi.org\/friuli-venezia-giulia\/wp-json\/wp\/v2\/posts\/67046\/revisions"}],"wp:featuredmedia":[{"embeddable":true,"href":"https:\/\/comitati.fisi.org\/friuli-venezia-giulia\/wp-json\/wp\/v2\/media\/53746"}],"wp:attachment":[{"href":"https:\/\/comitati.fisi.org\/friuli-venezia-giulia\/wp-json\/wp\/v2\/media?parent=67046"}],"wp:term":[{"taxonomy":"category","embeddable":true,"href":"https:\/\/comitati.fisi.org\/friuli-venezia-giulia\/wp-json\/wp\/v2\/categories?post=67046"},{"taxonomy":"post_tag","embeddable":true,"href":"https:\/\/comitati.fisi.org\/friuli-venezia-giulia\/wp-json\/wp\/v2\/tags?post=67046"}],"curies":[{"name":"wp","href":"https:\/\/api.w.org\/{rel}","templated":true}]}}