{"id":66976,"date":"2020-02-14T13:15:12","date_gmt":"2020-02-14T12:15:12","guid":{"rendered":"https:\/\/www.fisifvg.org\/?p=66976"},"modified":"2020-02-14T13:15:12","modified_gmt":"2020-02-14T12:15:12","slug":"ufficializzata-lassegnazione-al-friuli-venezia-giulia-delledizione-invernale-di-eyof-2023","status":"publish","type":"post","link":"https:\/\/comitati.fisi.org\/friuli-venezia-giulia\/blog\/2020\/02\/14\/ufficializzata-lassegnazione-al-friuli-venezia-giulia-delledizione-invernale-di-eyof-2023\/","title":{"rendered":"Ufficializzata l&#8217;assegnazione al Friuli Venezia Giulia dell&#8217;edizione invernale di Eyof 2023"},"content":{"rendered":"<p><strong>Ufficializzata oggi a Trieste l&#8217;assegnazione al Friuli Venezia Giulia dell&#8217;edizione invernale di Eyof 2023,<\/strong> il Festival olimpico della giovent\u00f9 europea.<\/p>\n<p>L&#8217;atto formale &#8211; l&#8217;Host Region Contract &#8211; \u00e8 stato firmato dal governatore della Regione Massimiliano Fedriga, dal presidente dei Comitati olimpici europei Janez Kocijan\u010di\u010d,, dal presidente del Coni Giovanni Malag\u00f2 e dal presidente esecutivo del Comitato organizzatore Eyof Fvg 2023 Maurizio Dunnhofer.<\/p>\n<p>Nel corso della cerimonia \u00e8 stato ricordato che Eyof 2023 rappresenta una straordinaria opportunit\u00e0 per il Friuli Venezia Giulia per farsi conoscere e apprezzare da una platea sempre pi\u00f9 ampia.<\/p>\n<p>La Regione, infatti, sta investendo molto nello sport ad alto livello nella convinzione di avere capacit\u00e0 e strutture adeguate per organizzare nuovamente competizioni di respiro mondiale.<\/p>\n<p>\u00c8 stato inoltre sottolineato che eventi internazionali di questa portata, in grado di coinvolgere un grande numero di giovani, hanno il merito di affermare i valori dello sport quale collante sociale e strumento di crescita individuale e collettiva e di sviluppo per l&#8217;intero territorio regionale.<\/p>\n<p>Oltre al governo nazionale e alle importanti istituzioni sportive presenti, \u00e8 stato rivolto un ringraziamento particolare ai comuni montani del Friuli Venezia Giulia che dal 21 al 28 gennaio 2023 ospiteranno l&#8217;edizione invernale di Eyof.<\/p>\n<p>La cerimonia di apertura si terr\u00e0 a Trieste, mentre Udine ospiter\u00e0 quella di chiusura.<\/p>\n<p>Nel corso della manifestazione atleti fra i 14 e i 18 anni, provenienti da 50 Paesi europei, gareggeranno in 12 discipline sportive: sci alpino, biathlon, sci di fondo, pattinaggio artistico, hockey, combinata nordica, short track, salto con gli sci, snowboard, curling, freestyle e sci alpinismo.<\/p>\n","protected":false},"excerpt":{"rendered":"<p>La cerimonia di apertura si terr\u00e0 a Trieste, mentre Udine ospiter\u00e0 quella di chiusura<\/p>\n","protected":false},"author":4,"featured_media":66978,"comment_status":"closed","ping_status":"closed","sticky":false,"template":"","format":"standard","meta":{"_acf_changed":false,"footnotes":""},"categories":[10,17],"tags":[],"acf":[],"_links":{"self":[{"href":"https:\/\/comitati.fisi.org\/friuli-venezia-giulia\/wp-json\/wp\/v2\/posts\/66976"}],"collection":[{"href":"https:\/\/comitati.fisi.org\/friuli-venezia-giulia\/wp-json\/wp\/v2\/posts"}],"about":[{"href":"https:\/\/comitati.fisi.org\/friuli-venezia-giulia\/wp-json\/wp\/v2\/types\/post"}],"author":[{"embeddable":true,"href":"https:\/\/comitati.fisi.org\/friuli-venezia-giulia\/wp-json\/wp\/v2\/users\/4"}],"replies":[{"embeddable":true,"href":"https:\/\/comitati.fisi.org\/friuli-venezia-giulia\/wp-json\/wp\/v2\/comments?post=66976"}],"version-history":[{"count":0,"href":"https:\/\/comitati.fisi.org\/friuli-venezia-giulia\/wp-json\/wp\/v2\/posts\/66976\/revisions"}],"wp:featuredmedia":[{"embeddable":true,"href":"https:\/\/comitati.fisi.org\/friuli-venezia-giulia\/wp-json\/wp\/v2\/media\/66978"}],"wp:attachment":[{"href":"https:\/\/comitati.fisi.org\/friuli-venezia-giulia\/wp-json\/wp\/v2\/media?parent=66976"}],"wp:term":[{"taxonomy":"category","embeddable":true,"href":"https:\/\/comitati.fisi.org\/friuli-venezia-giulia\/wp-json\/wp\/v2\/categories?post=66976"},{"taxonomy":"post_tag","embeddable":true,"href":"https:\/\/comitati.fisi.org\/friuli-venezia-giulia\/wp-json\/wp\/v2\/tags?post=66976"}],"curies":[{"name":"wp","href":"https:\/\/api.w.org\/{rel}","templated":true}]}}