{"id":66872,"date":"2020-02-13T15:47:52","date_gmt":"2020-02-13T14:47:52","guid":{"rendered":"https:\/\/www.fisifvg.org\/?p=66872"},"modified":"2020-02-13T15:47:52","modified_gmt":"2020-02-13T14:47:52","slug":"lisa-vittozzi-argento-mondiale-con-la-staffetta-mista","status":"publish","type":"post","link":"https:\/\/comitati.fisi.org\/friuli-venezia-giulia\/blog\/2020\/02\/13\/lisa-vittozzi-argento-mondiale-con-la-staffetta-mista\/","title":{"rendered":"LISA VITTOZZI ARGENTO MONDIALE CON LA STAFFETTA MISTA!"},"content":{"rendered":"<p>Subito una grande notizia per l&#8217;Italia nella staffetta mista che ha aperto i <strong>Mondiali di biathlon di Anterselva: una grande Lisa Vittozzi conquista la medaglia d&#8217;argento assieme ai suoi splendidi compagni di squadra Dorothea Wierer, Lukas Hofer e Dominik Windisch!<\/strong><\/p>\n<div id=\"attachment_66968\" style=\"width: 820px\" class=\"wp-caption aligncenter\"><a href=\"http:\/\/comitati.fisi.org\/friuli-venezia-giulia\/wp-content\/uploads\/sites\/34\/2020\/02\/Pentaphoto_140631.jpg\"><img loading=\"lazy\" decoding=\"async\" aria-describedby=\"caption-attachment-66968\" class=\"wp-image-66968 size-large\" src=\"http:\/\/comitati.fisi.org\/friuli-venezia-giulia\/wp-content\/uploads\/sites\/34\/2020\/02\/Pentaphoto_140631-1024x683.jpg\" alt=\"\" width=\"810\" height=\"540\" srcset=\"https:\/\/comitati.fisi.org\/friuli-venezia-giulia\/wp-content\/uploads\/sites\/34\/2020\/02\/Pentaphoto_140631-1024x683.jpg 1024w, https:\/\/comitati.fisi.org\/friuli-venezia-giulia\/wp-content\/uploads\/sites\/34\/2020\/02\/Pentaphoto_140631-300x200.jpg 300w, https:\/\/comitati.fisi.org\/friuli-venezia-giulia\/wp-content\/uploads\/sites\/34\/2020\/02\/Pentaphoto_140631-768x512.jpg 768w, https:\/\/comitati.fisi.org\/friuli-venezia-giulia\/wp-content\/uploads\/sites\/34\/2020\/02\/Pentaphoto_140631-1536x1024.jpg 1536w, https:\/\/comitati.fisi.org\/friuli-venezia-giulia\/wp-content\/uploads\/sites\/34\/2020\/02\/Pentaphoto_140631-2048x1365.jpg 2048w\" sizes=\"(max-width: 810px) 100vw, 810px\" \/><\/a><p id=\"caption-attachment-66968\" class=\"wp-caption-text\">Pentaphoto<\/p><\/div>\n<p><strong>Lisa Vittozzi<\/strong> come da tradizione \u00e8 stata schierata al lancio e si \u00e8 presentata in testa al primo poligono, ha dovuto effettuare due ricariche ma \u00e8 comunque uscita al settimo posto a soli 6&#8243; dalla leader Austria.<br \/>\nNella serie in piedi Lisa \u00e8 stata veloce e perfetta, lasciando il poligono in testa, con Ucraina e Norvegia in scia.<br \/>\nLa norvegese Roeiseland, una delle big del circuito, riprende la Vittozzi e le due arrivano assieme al cambio, lasciando spazio a Tiril Eckhoff e<strong> Dorothea Wierer,<\/strong> con la Svizzera terza a 12&#8243;. Una prova assolutamente positiva per la 25enne scuola<strong> Asd Camosci.<\/strong><\/p>\n<div id=\"attachment_66909\" style=\"width: 810px\" class=\"wp-caption alignleft\"><a href=\"http:\/\/comitati.fisi.org\/friuli-venezia-giulia\/wp-content\/uploads\/sites\/34\/2020\/02\/IMG_20200213_144442.jpg\"><img loading=\"lazy\" decoding=\"async\" aria-describedby=\"caption-attachment-66909\" class=\"wp-image-66909\" src=\"http:\/\/comitati.fisi.org\/friuli-venezia-giulia\/wp-content\/uploads\/sites\/34\/2020\/02\/IMG_20200213_144442-400x400.jpg\" alt=\"\" width=\"800\" height=\"600\" \/><\/a><p id=\"caption-attachment-66909\" class=\"wp-caption-text\">PhotoSolero<\/p><\/div>\n<p>Doro Wierer chiude i suoi 6 km al terzo posto, assieme alla ceca Davidova, a 12&#8243; dalla Eckhoff, cedendo il testimone a<strong>\u00a0Lukas Hofer.<\/strong><\/p>\n<p>Fantastica la prova dell&#8217;azzurro, perfetto al poligono e veloce sugli sci: offre cos\u00ec il cambio a <strong>Dominik Windisch<\/strong> in testa assieme alla Norvegia, con 5&#8243; sulla Repubblica Ceca e 32&#8243; sulla Svizzera.<\/p>\n<div id=\"attachment_66914\" style=\"width: 810px\" class=\"wp-caption aligncenter\"><a href=\"http:\/\/comitati.fisi.org\/friuli-venezia-giulia\/wp-content\/uploads\/sites\/34\/2020\/02\/FOTO-SOLERO_7DM20466.jpg\"><img loading=\"lazy\" decoding=\"async\" aria-describedby=\"caption-attachment-66914\" class=\"wp-image-66914\" src=\"http:\/\/comitati.fisi.org\/friuli-venezia-giulia\/wp-content\/uploads\/sites\/34\/2020\/02\/FOTO-SOLERO_7DM20466-400x400.jpg\" alt=\"\" width=\"800\" height=\"533\" \/><\/a><p id=\"caption-attachment-66914\" class=\"wp-caption-text\">PhotoSolero<\/p><\/div>\n<p>Windisch \u00e8 preciso e veloce nel primo poligono e arriva all&#8217;ultima serie assieme al fenomeno norvegese Johannes Boe. Entrambi devono effettuare due ricariche, con Boe che esce con 9&#8243; di margine sull&#8217;azzurro.<\/p>\n<p>Al traguardo la Norvegia taglia per primo il traguardo con 15&#8243; sull&#8217;Italia, che migliora cos\u00ec il terzo posto dei Mondiali 2019. Bronzo alla Repubblica Ceca. I Mondiali di casa non potevano aprirsi meglio.<\/p>\n<p><em>&#8220;Siamo stati veramente forti, non abbiamo sbagliato quasi nulla &#8211; <\/em>dice Lisa<em> -. Per raggiungere un risultato cos\u00ec prestigioso serviva una gara perfetta contro nazioni tutte di altissimo livello. Sono orgogliosa di far parte di questa squadra&#8221;.<\/em><\/p>\n<div id=\"attachment_66908\" style=\"width: 760px\" class=\"wp-caption aligncenter\"><a href=\"http:\/\/comitati.fisi.org\/friuli-venezia-giulia\/wp-content\/uploads\/sites\/34\/2020\/02\/IMG_20200213_163126.jpg\"><img loading=\"lazy\" decoding=\"async\" aria-describedby=\"caption-attachment-66908\" class=\"wp-image-66908\" src=\"http:\/\/comitati.fisi.org\/friuli-venezia-giulia\/wp-content\/uploads\/sites\/34\/2020\/02\/IMG_20200213_163126-400x400.jpg\" alt=\"\" width=\"750\" height=\"563\" \/><\/a><p id=\"caption-attachment-66908\" class=\"wp-caption-text\">PhotoSolero<\/p><\/div>\n<p><strong>A Lisa Vittozzi e ai compagni di squadra vanno i complimenti del presidente della FISI FVG Maurizio Dunnhofer, del consiglio direttivo e di tutto l&#8217;entusiasta mondo dello sci regionale!<\/strong><\/p>\n<p>Venerd\u00ec alle 14.45 si disputer\u00e0 la 7.5 km sprint femminile.<\/p>\n<p><a href=\"https:\/\/www.biathlonworld.com\/competitions\/ibu-world-championship\/events\/ibu-world-championships-biathlon-antholz-anterselva-1920\/bt1920swrlch__\/race\/mixed-relay-(wm)\/bt1920swrlch__mxrl\/\">CLASSIFICA<\/a><\/p>\n<p>&nbsp;<\/p>\n<div class=\"x-embed x-is-rich x-is-twitter\">\n<blockquote class=\"twitter-tweet\" data-width=\"500\" data-dnt=\"true\">\n<p lang=\"en\" dir=\"ltr\">Vittozzi does it again! She is out in first place for Italy followed by Ukraine and Norway! <a href=\"https:\/\/twitter.com\/hashtag\/antholz2020?src=hash&amp;ref_src=twsrc%5Etfw\">#antholz2020<\/a> Watch the race live on <a href=\"https:\/\/t.co\/MSJYx30KUx\">https:\/\/t.co\/MSJYx30KUx<\/a> <a href=\"https:\/\/t.co\/lTWDIHhkud\">pic.twitter.com\/lTWDIHhkud<\/a><\/p>\n<p>&mdash; International Biathlon Union (@biathlonworld) <a href=\"https:\/\/twitter.com\/biathlonworld\/status\/1227955527365382147?ref_src=twsrc%5Etfw\">February 13, 2020<\/a><\/p><\/blockquote>\n<p><script async src=\"https:\/\/platform.twitter.com\/widgets.js\" charset=\"utf-8\"><\/script><\/div>\n<p>&nbsp;<\/p>\n<div class=\"x-embed x-is-rich x-is-twitter\">\n<blockquote class=\"twitter-tweet\" data-width=\"500\" data-dnt=\"true\">\n<p lang=\"en\" dir=\"ltr\">Here are your medallists in the <a href=\"https:\/\/twitter.com\/hashtag\/antholz2020?src=hash&amp;ref_src=twsrc%5Etfw\">#antholz2020<\/a> mixed relay! Well done to Norway <a href=\"https:\/\/twitter.com\/NSSF_Biathlon?ref_src=twsrc%5Etfw\">@NSSF_Biathlon<\/a>, Italy <a href=\"https:\/\/twitter.com\/Fisiofficial?ref_src=twsrc%5Etfw\">@Fisiofficial<\/a> and the Czech Republic! Watch the race again on <a href=\"https:\/\/t.co\/MSJYx30KUx\">https:\/\/t.co\/MSJYx30KUx<\/a> <a href=\"https:\/\/t.co\/ifJg4TPqo1\">pic.twitter.com\/ifJg4TPqo1<\/a><\/p>\n<p>&mdash; International Biathlon Union (@biathlonworld) <a href=\"https:\/\/twitter.com\/biathlonworld\/status\/1227969557328990209?ref_src=twsrc%5Etfw\">February 13, 2020<\/a><\/p><\/blockquote>\n<p><script async src=\"https:\/\/platform.twitter.com\/widgets.js\" charset=\"utf-8\"><\/script><\/div>\n<p>&nbsp;<\/p>\n<div class=\"x-embed x-is-rich x-is-twitter\">\n<blockquote class=\"twitter-tweet\" data-width=\"500\" data-dnt=\"true\">\n<p lang=\"en\" dir=\"ltr\">The first \ud83d\udc90of <a href=\"https:\/\/twitter.com\/hashtag\/antholz2020?src=hash&amp;ref_src=twsrc%5Etfw\">#antholz2020<\/a> are being awarded! Well done to the new world champions in the mixed relay \ud83c\uddf3\ud83c\uddf4! <br \/>Join the ceremony live on <a href=\"https:\/\/t.co\/MSJYx30KUx\">https:\/\/t.co\/MSJYx30KUx<\/a> <a href=\"https:\/\/t.co\/q63OUGY0cM\">pic.twitter.com\/q63OUGY0cM<\/a><\/p>\n<p>&mdash; International Biathlon Union (@biathlonworld) <a href=\"https:\/\/twitter.com\/biathlonworld\/status\/1227974649130160129?ref_src=twsrc%5Etfw\">February 13, 2020<\/a><\/p><\/blockquote>\n<p><script async src=\"https:\/\/platform.twitter.com\/widgets.js\" charset=\"utf-8\"><\/script><\/div>\n<p><span style=\"color: #ff0000\"><strong><br \/>\nPODI CAMPIONATI MONDIALI 2019-2020 ATLETI FVG<\/strong><\/span><\/p>\n<p><strong><span style=\"color: #808080\">ARGENTO<\/span><br \/>\n-LISA VITTOZZI\u00a0 Biathlon\u00a0 Staffetta mista\u00a0 (Anterselva-ITA, 13-2-2020)<\/strong><\/p>\n<p><span style=\"color: #ff0000\"><strong>PODI COPPA DEL MONDO 2019-2020 ATLETI FVG<\/strong><\/span><\/p>\n<p><span style=\"color: #ff9900\"><strong>PRIMO POSTO<\/strong><\/span><br \/>\n<strong>-LISA VITTOZZI\u00a0 Biathlon\u00a0 Staffetta mista (Oestersund-SWE, 30-11-19)<\/strong><\/p>\n<p><span style=\"color: #808080\"><strong>SECONDO POSTO<\/strong><br \/>\n<\/span><strong>-LISA VITTOZZI\u00a0 Biathlon\u00a0 Mass Start\u00a0 (Pokljuka-SLO, 26-1-2020)<\/strong><\/p>\n<p><strong><span style=\"color: #993366\">TERZO POSTO<\/span><\/strong><br \/>\n<strong>-DANIELE CAPPELLARI\u00a0 Biathlon\u00a0 Staffetta maschile (Oestersund-SWE, 7-12-19)<\/strong><\/p>\n<p><span style=\"color: #ff0000\"><strong>MEDAGLIE CAMPIONATI ITALIANI ASSOLUTI E GIOVANILI 2019-2020 ATLETI FVG<\/strong><\/span><\/p>\n<p><span style=\"color: #ff9900\"><strong>ORO<br \/>\n<\/strong><\/span>-SARA SCATTOLO\u00a0 Biathlon\u00a0 Inseguimento\u00a0 U17<br \/>\n-MARTINA DI CENTA\u00a0 Fondo\u00a0 10 km TL\u00a0 U20<br \/>\n-DAVIDE GRAZ\u00a0 Fondo\u00a0 15 km TL\u00a0 U20<br \/>\n-GRETA PINZANI\u00a0 Combinata\u00a0 U16<br \/>\n-LUDOVICA DEL BIANCO\u00a0 Combinata\u00a0 U13<br \/>\n-LUDOVICA DEL BIANCO\u00a0 Salto\u00a0 U13<br \/>\n-LUDOVICA DEL BIANCO\u00a0 Salto\u00a0 U16<br \/>\n-GRETA PINZANI\u00a0 Salto\u00a0 U16<\/p>\n<p><strong><span style=\"color: #808080\">ARGENTO<\/span><br \/>\n<\/strong>-FABIO PILLER COTTRER\u00a0 Biathlon\u00a0 Sprint\u00a0 U19<br \/>\n-SOFIA DEL FABBRO &#8211; MAYA PIVIDORI &#8211; DESIREE RIBBI\u00a0 Biathlon\u00a0 Staffetta\u00a0 U15<br \/>\n-LUDOVICA DEL BIANCO\u00a0 Combinata\u00a0 U16<strong><br \/>\n-ALESSANDRO PITTIN\u00a0 Combinata\u00a0 Assoluti<br \/>\n<\/strong>-DAVIDE GRAZ\u00a0 Fondo\u00a0 Sprint TL\u00a0 U20<br \/>\n-LUCA KERER\u00a0 Fondo\u00a0 15 km TL\u00a0 U18<strong><br \/>\n<\/strong>-CRISTINA PITTIN\u00a0 Fondo\u00a0 Sprint TC\u00a0 U23<br \/>\n<strong>-FEDERICO CECON\u00a0 Salto\u00a0 Assoluti<br \/>\n<\/strong>-GRETA PINZANI\u00a0 Salto\u00a0 U16<br \/>\n-MARTINO ZAMBENEDETTI \u2013 GRETA PINZANI &#8211; LUDOVICA DEL BIANCO\u00a0 Salto a squadre\u00a0 U16<strong><br \/>\n<\/strong>-MARA MARTINI\u00a0 Sci alpinismo\u00a0 Sprint\u00a0 U23<\/p>\n<p><strong><span style=\"color: #993366\">BRONZO<\/span><\/strong><strong><br \/>\n<\/strong>-FABIO CAPPELLARI\u00a0 Biathlon\u00a0 Inseguimento\u00a0 U19<br \/>\n-SARA CESCO FABBRO\u00a0 Biathlon\u00a0 Inseguimento\u00a0 U22<br \/>\n-ASTRID PL\u00d6SCH\u00a0 Biathlon\u00a0 Inseguimento\u00a0 U17<br \/>\n-SARA SCATTOLO\u00a0 Biathlon\u00a0 Sprint\u00a0 U17<br \/>\n-ERIKA PINZANI\u00a0 Combinata\u00a0 U13<br \/>\n-MARTINA ZANITZER\u00a0 Combinata\u00a0 U16<br \/>\n-ANDREA GARTNER\u00a0 Fondo\u00a0 Sprint TL\u00a0 U18<br \/>\n-CRISTINA PITTIN\u00a0 Fondo\u00a0 10 km TL\u00a0 U23<br \/>\n-ERIKA PINZANI\u00a0 Salto\u00a0 U13<br \/>\n-MARTINA ZANITZER\u00a0 Combinata\u00a0 U16<\/p>\n<p><em><strong>(in grassetto i titoli assoluti)<\/strong><\/em><\/p>\n","protected":false},"excerpt":{"rendered":"<p>Splendida prova dei quattro azzurri nella prima gara di Anterselva, solo la super Norvegia li precede<\/p>\n","protected":false},"author":4,"featured_media":66966,"comment_status":"closed","ping_status":"closed","sticky":false,"template":"","format":"standard","meta":{"_acf_changed":false,"footnotes":""},"categories":[13,10],"tags":[],"acf":[],"_links":{"self":[{"href":"https:\/\/comitati.fisi.org\/friuli-venezia-giulia\/wp-json\/wp\/v2\/posts\/66872"}],"collection":[{"href":"https:\/\/comitati.fisi.org\/friuli-venezia-giulia\/wp-json\/wp\/v2\/posts"}],"about":[{"href":"https:\/\/comitati.fisi.org\/friuli-venezia-giulia\/wp-json\/wp\/v2\/types\/post"}],"author":[{"embeddable":true,"href":"https:\/\/comitati.fisi.org\/friuli-venezia-giulia\/wp-json\/wp\/v2\/users\/4"}],"replies":[{"embeddable":true,"href":"https:\/\/comitati.fisi.org\/friuli-venezia-giulia\/wp-json\/wp\/v2\/comments?post=66872"}],"version-history":[{"count":0,"href":"https:\/\/comitati.fisi.org\/friuli-venezia-giulia\/wp-json\/wp\/v2\/posts\/66872\/revisions"}],"wp:featuredmedia":[{"embeddable":true,"href":"https:\/\/comitati.fisi.org\/friuli-venezia-giulia\/wp-json\/wp\/v2\/media\/66966"}],"wp:attachment":[{"href":"https:\/\/comitati.fisi.org\/friuli-venezia-giulia\/wp-json\/wp\/v2\/media?parent=66872"}],"wp:term":[{"taxonomy":"category","embeddable":true,"href":"https:\/\/comitati.fisi.org\/friuli-venezia-giulia\/wp-json\/wp\/v2\/categories?post=66872"},{"taxonomy":"post_tag","embeddable":true,"href":"https:\/\/comitati.fisi.org\/friuli-venezia-giulia\/wp-json\/wp\/v2\/tags?post=66872"}],"curies":[{"name":"wp","href":"https:\/\/api.w.org\/{rel}","templated":true}]}}