{"id":66870,"date":"2020-02-13T14:54:00","date_gmt":"2020-02-13T13:54:00","guid":{"rendered":"https:\/\/www.fisifvg.org\/?p=66870"},"modified":"2020-02-13T14:54:00","modified_gmt":"2020-02-13T13:54:00","slug":"emanuele-buzzi-20-nella-discesa-di-coppa-del-mondo-di-saalbach","status":"publish","type":"post","link":"https:\/\/comitati.fisi.org\/friuli-venezia-giulia\/blog\/2020\/02\/13\/emanuele-buzzi-20-nella-discesa-di-coppa-del-mondo-di-saalbach\/","title":{"rendered":"Emanuele Buzzi 20\u00b0 nella discesa di Coppa del Mondo di Saalbach"},"content":{"rendered":"<p>Ventesimo posto per <strong>Emanuele Buzzi<\/strong> nella discesa di <strong>Coppa del Mondo<\/strong> disputata oggi a Saalbach, in Austria.<\/p>\n<p>Il 25enne sappadino ha concluso a 1&#8243;33 dal tedesco Dressen, vincitore con una manciata di centesimi sugli svizzeri Feuz e Caviezel. Primo azzurro Matteo Marsaglia, piazzatosi immediatamente davanti a Buzzi, che ottiene cos\u00ec il quarto miglior risultato in questa edizione della Coppa del Mondo.<\/p>\n<p><em>&#8220;Sono andato bene ma non benissimo, direi discretamente &#8211; <\/em>dice Lele <em>-. Rispetto ai primi atleti scesi, quando \u00e8 stato il mio turno, pettorale 26, la pista sotto si \u00e8 un po\u2019 rovinata e anche la visibilit\u00e0 \u00e8 cambiata, in peggio. Quello che mi rimprovero \u00e8 l\u2019ultimo intermedio, l\u00ec ho perso un po\u2019 troppo&#8221;.<\/em><\/p>\n<p>Venerd\u00ec alle 11 il superG.<\/p>\n<p><a href=\"http:\/\/live.fis-ski.com\/lv-al0138.htm#\/ranking\">CLASSIFICA<\/a><\/p>\n<p><em><strong>(nella foto Pentaphoto, Buzzi in aizone a Saalbach)<\/strong><\/em><\/p>\n","protected":false},"excerpt":{"rendered":"<p>Il 25enne sappadino ha concluso a 1&#8243;33 dal tedesco Dressen, vincitore con una manciata di centesimi sugli svizzeri Feuz e Caviezel<\/p>\n","protected":false},"author":4,"featured_media":66866,"comment_status":"closed","ping_status":"closed","sticky":false,"template":"","format":"standard","meta":{"_acf_changed":false,"footnotes":""},"categories":[10,15],"tags":[],"acf":[],"_links":{"self":[{"href":"https:\/\/comitati.fisi.org\/friuli-venezia-giulia\/wp-json\/wp\/v2\/posts\/66870"}],"collection":[{"href":"https:\/\/comitati.fisi.org\/friuli-venezia-giulia\/wp-json\/wp\/v2\/posts"}],"about":[{"href":"https:\/\/comitati.fisi.org\/friuli-venezia-giulia\/wp-json\/wp\/v2\/types\/post"}],"author":[{"embeddable":true,"href":"https:\/\/comitati.fisi.org\/friuli-venezia-giulia\/wp-json\/wp\/v2\/users\/4"}],"replies":[{"embeddable":true,"href":"https:\/\/comitati.fisi.org\/friuli-venezia-giulia\/wp-json\/wp\/v2\/comments?post=66870"}],"version-history":[{"count":0,"href":"https:\/\/comitati.fisi.org\/friuli-venezia-giulia\/wp-json\/wp\/v2\/posts\/66870\/revisions"}],"wp:featuredmedia":[{"embeddable":true,"href":"https:\/\/comitati.fisi.org\/friuli-venezia-giulia\/wp-json\/wp\/v2\/media\/66866"}],"wp:attachment":[{"href":"https:\/\/comitati.fisi.org\/friuli-venezia-giulia\/wp-json\/wp\/v2\/media?parent=66870"}],"wp:term":[{"taxonomy":"category","embeddable":true,"href":"https:\/\/comitati.fisi.org\/friuli-venezia-giulia\/wp-json\/wp\/v2\/categories?post=66870"},{"taxonomy":"post_tag","embeddable":true,"href":"https:\/\/comitati.fisi.org\/friuli-venezia-giulia\/wp-json\/wp\/v2\/tags?post=66870"}],"curies":[{"name":"wp","href":"https:\/\/api.w.org\/{rel}","templated":true}]}}