{"id":66844,"date":"2020-02-12T15:53:59","date_gmt":"2020-02-12T14:53:59","guid":{"rendered":"https:\/\/www.fisifvg.org\/?p=66844"},"modified":"2020-02-12T15:53:59","modified_gmt":"2020-02-12T14:53:59","slug":"conto-alla-rovescia-per-la-transcavallo-prime-due-tappe-a-piancavallo","status":"publish","type":"post","link":"https:\/\/comitati.fisi.org\/friuli-venezia-giulia\/blog\/2020\/02\/12\/conto-alla-rovescia-per-la-transcavallo-prime-due-tappe-a-piancavallo\/","title":{"rendered":"Conto alla rovescia per la Transcavallo, prime due tappe a Piancavallo"},"content":{"rendered":"<div>Mancano poche ore alla partenza della prima tappa, saranno tre le prove in programma, della 37^ edizione della <strong>Transcavallo<\/strong>, gara di scialpinismo a squadre che si disputer\u00e0 dal 14 al 16 febbraio tra le montagne venete dell\u2019Alpago e quelle friulane di <strong>Piancavallo.<\/strong><br \/>\nLe scarse precipitazioni nevose di questo inizio 2020 non hanno permesso al Comitato Organizzatore di mantenere il progetto originale con l\u2019andata e ritorno da Tambre verso Piancavallo. <strong>Venerd\u00ec pomeriggio il quartier generale, inizialmente previsto a Tambre, si sposter\u00e0 a Piancavallo e vi rimarr\u00e0 sino a sabato mattina, quando si concluder\u00e0 la seconda prova prevista.<\/strong><br \/>\nDomenica tutto sar\u00e0 come previsto, gli atleti gareggeranno tra le tracce della Val Salatis, valle iridata nel 2017. Questa ultima tappa sar\u00e0 valida come prova di Coppa Italia Giovani.<br \/>\nVenerd\u00ec pomeriggio si partir\u00e0 alle ore 16:30, un vero e proprio prologo con un dislivello positivo di 900 metri e 4 cambi di assetto. La cima Coppi della tappa sar\u00e0 la vetta del Monte Tremol. La mattina successiva il via sar\u00e0 dato alle ore 7, le squadre dovranno affrontare 1520 metri di dislivello positivo. Un tracciato tecnico e aereo che passer\u00e0 per forcella Alta di Palantina, Mentre Tremol, Monte Colombera. L\u2019arrivo sar\u00e0 al Rifugio Arneri, sempre in territorio friulano.<br \/>\nNella starting list in questo momento la squadra a favore di tutti i pronostici \u00e8 quella formata dai nazionali Michele Boscacci e Matteo Eydallin, a battagliare con i due azzurri altri due italiani William Boffelli e Alex Oberbacher, tra le squadre internazionali in lizza per il podio troviamo gli austriaci Jakob Herrmann e Armin H\u00f6fl e i francesi Xavier Gachet e William Bon Mardion. Le altre coppie che dovranno battagliare per entrare nella top10 saranno: Cappelletti-Salvadori e Eccher-Gretter, poi la coppia italo-austriaca Beccari-Weisskopf quindi gli austriaci Stock-Fischer e Stranz-List, i Ceki Cupela-Hrmadko, gli slovacchi Danko-Frano, gli svizzeri Cortesi-Pasini e i francesi Moncany-Henri.<br \/>\nAl femminile Laetitia Roux ritorna in Alpago in squadra con l&#8217;italiana Katia Tomatis. Al via ci sar\u00e0 anche la fortissima atleta bellunese <strong>Alba De Silvestro<\/strong>, fresca vincitrice dell&#8217;ultima Individual Race di Coppa del Mondo disputata in Germania in coppia con Ilaria Veronese. Da segnalare la coppia iberica, andorrano-spagnola di Belles Naudi-Casanovas Cuairan.<strong>TRANSCAVALLO CLASSIC<\/strong><br \/>\nDa segnalare che anche quest&#8217;anno \u00e8 in programma la \u201cTranscavallo Classic&#8221;, lo scialpinismo senza agonismo che seguir\u00e0 le tappe della gara sotto la sapiente ala delle guide alpine messe a disposizione dall&#8217;organizzazione &#8211; info ed iscrizioni in segreteria Transcavallo al 3405986452 o\u00a0<a href=\"mailto:info@transcavallo.it\" target=\"_blank\" rel=\"noopener noreferrer\">info@transcavallo.it<\/a>\u00a0\u00a0&#8211;\u00a0<a href=\"https:\/\/areaphoto.us12.list-manage.com\/track\/click?u=dc30bb2f1f8f67c75795a6d21&amp;id=7f7caf0eb5&amp;e=e323291f62\" target=\"_blank\" rel=\"noopener noreferrer\" data-saferedirecturl=\"https:\/\/www.google.com\/url?q=https:\/\/areaphoto.us12.list-manage.com\/track\/click?u%3Ddc30bb2f1f8f67c75795a6d21%26id%3D7f7caf0eb5%26e%3De323291f62&amp;source=gmail&amp;ust=1581605364643000&amp;usg=AFQjCNFSPc8Y8C1r7QHDtGe0LgEIzgICPQ\">www.transcavallo.it<\/a>.<\/p>\n<\/div>\n","protected":false},"excerpt":{"rendered":"<p>La gara di scialpinismo a squadre si disputer\u00e0 dal 14 al 16 febbraio tra le montagne venete dell\u2019Alpago e quelle friulane di Piancavallo<\/p>\n","protected":false},"author":4,"featured_media":25423,"comment_status":"closed","ping_status":"closed","sticky":false,"template":"","format":"standard","meta":{"_acf_changed":false,"footnotes":""},"categories":[19],"tags":[],"acf":[],"_links":{"self":[{"href":"https:\/\/comitati.fisi.org\/friuli-venezia-giulia\/wp-json\/wp\/v2\/posts\/66844"}],"collection":[{"href":"https:\/\/comitati.fisi.org\/friuli-venezia-giulia\/wp-json\/wp\/v2\/posts"}],"about":[{"href":"https:\/\/comitati.fisi.org\/friuli-venezia-giulia\/wp-json\/wp\/v2\/types\/post"}],"author":[{"embeddable":true,"href":"https:\/\/comitati.fisi.org\/friuli-venezia-giulia\/wp-json\/wp\/v2\/users\/4"}],"replies":[{"embeddable":true,"href":"https:\/\/comitati.fisi.org\/friuli-venezia-giulia\/wp-json\/wp\/v2\/comments?post=66844"}],"version-history":[{"count":0,"href":"https:\/\/comitati.fisi.org\/friuli-venezia-giulia\/wp-json\/wp\/v2\/posts\/66844\/revisions"}],"wp:featuredmedia":[{"embeddable":true,"href":"https:\/\/comitati.fisi.org\/friuli-venezia-giulia\/wp-json\/wp\/v2\/media\/25423"}],"wp:attachment":[{"href":"https:\/\/comitati.fisi.org\/friuli-venezia-giulia\/wp-json\/wp\/v2\/media?parent=66844"}],"wp:term":[{"taxonomy":"category","embeddable":true,"href":"https:\/\/comitati.fisi.org\/friuli-venezia-giulia\/wp-json\/wp\/v2\/categories?post=66844"},{"taxonomy":"post_tag","embeddable":true,"href":"https:\/\/comitati.fisi.org\/friuli-venezia-giulia\/wp-json\/wp\/v2\/tags?post=66844"}],"curies":[{"name":"wp","href":"https:\/\/api.w.org\/{rel}","templated":true}]}}