{"id":66839,"date":"2020-02-12T15:48:39","date_gmt":"2020-02-12T14:48:39","guid":{"rendered":"https:\/\/www.fisifvg.org\/?p=66839"},"modified":"2020-02-12T15:48:39","modified_gmt":"2020-02-12T14:48:39","slug":"via-ai-mondiali-di-biathlon-lisa-vittozzi-subito-in-gara-nella-staffetta-mista","status":"publish","type":"post","link":"https:\/\/comitati.fisi.org\/friuli-venezia-giulia\/blog\/2020\/02\/12\/via-ai-mondiali-di-biathlon-lisa-vittozzi-subito-in-gara-nella-staffetta-mista\/","title":{"rendered":"Via ai Mondiali di biathlon: Lisa Vittozzi subito in gara nella staffetta mista"},"content":{"rendered":"<p>Sar\u00e0 la staffetta mista ad aprire gioved\u00ec 13 febbraio i <strong>Mondiali di biathlon ad Anterselva<\/strong> (ore 14.45, diretta televisiva Raisport ed Eurosport). Il quartetto italiano sar\u00e0 composto dalla storica formazione composta nell&#8217;ordine da <strong>Lisa Vittozzi<\/strong>, <strong>Dorothea Wierer, Lukas Hofer e Dominik Windisch.<\/strong> La manifestazione sar\u00e0 aperta dalla cerimonia di inaugurazione che si svolger\u00e0 alle ore 20.00 di mercoled\u00ec 12 febbraio ad Anterselva di Mezzo, alla presenza dei massimi organismi della Federazione Internazionale, del Presidente CONI Giovanni Malag\u00f2 e del Presidente FISI Flavio Roda.<\/p>\n<p><em>&#8220;E&#8217; un Mondiale che abbiamo aspettato con molto entusiasmo, non vedo l&#8217;ora che inizino le gare &#8211; dice<strong> Lisa Vittozzi -.<\/strong> Dopo un inizio di stagione difficile in cui ho ottenuto risultati lontani dal mio livello, ho ritrovato la mia spensieratezza e le sensazioni giuste per puntare in alto, cercando dentro me stessa le risposte e penso di averle trovate. Partiamo con una staffetta mista che ci regala subito una grande opportunit\u00e0 per essere protagonisti le prove a squadre ci regalano sempre un pizzico di cattiveria agonistica in pi\u00f9&#8221;.<\/em><\/p>\n<p>Sabato la prima prova individuale maschile, la 7.5 km sprint, con in gara <strong>Daniele Cappellari.<\/strong><\/p>\n<p><strong><em>(nella foto la squadra azzurra: Lisa Vittozzi \u00e8 la terza da sinistra, Daniele Cappellari il secondo da destra)<\/em><\/strong><\/p>\n","protected":false},"excerpt":{"rendered":"<p>Gioved\u00ec 13 ad Anterselva con la sappadina ci saranno i consueti compagni, ovvero Dorothea Wierer, Dominik Windisch e Lukas Hofer<\/p>\n","protected":false},"author":4,"featured_media":66840,"comment_status":"closed","ping_status":"closed","sticky":false,"template":"","format":"standard","meta":{"_acf_changed":false,"footnotes":""},"categories":[13,10],"tags":[],"acf":[],"_links":{"self":[{"href":"https:\/\/comitati.fisi.org\/friuli-venezia-giulia\/wp-json\/wp\/v2\/posts\/66839"}],"collection":[{"href":"https:\/\/comitati.fisi.org\/friuli-venezia-giulia\/wp-json\/wp\/v2\/posts"}],"about":[{"href":"https:\/\/comitati.fisi.org\/friuli-venezia-giulia\/wp-json\/wp\/v2\/types\/post"}],"author":[{"embeddable":true,"href":"https:\/\/comitati.fisi.org\/friuli-venezia-giulia\/wp-json\/wp\/v2\/users\/4"}],"replies":[{"embeddable":true,"href":"https:\/\/comitati.fisi.org\/friuli-venezia-giulia\/wp-json\/wp\/v2\/comments?post=66839"}],"version-history":[{"count":0,"href":"https:\/\/comitati.fisi.org\/friuli-venezia-giulia\/wp-json\/wp\/v2\/posts\/66839\/revisions"}],"wp:featuredmedia":[{"embeddable":true,"href":"https:\/\/comitati.fisi.org\/friuli-venezia-giulia\/wp-json\/wp\/v2\/media\/66840"}],"wp:attachment":[{"href":"https:\/\/comitati.fisi.org\/friuli-venezia-giulia\/wp-json\/wp\/v2\/media?parent=66839"}],"wp:term":[{"taxonomy":"category","embeddable":true,"href":"https:\/\/comitati.fisi.org\/friuli-venezia-giulia\/wp-json\/wp\/v2\/categories?post=66839"},{"taxonomy":"post_tag","embeddable":true,"href":"https:\/\/comitati.fisi.org\/friuli-venezia-giulia\/wp-json\/wp\/v2\/tags?post=66839"}],"curies":[{"name":"wp","href":"https:\/\/api.w.org\/{rel}","templated":true}]}}