{"id":66824,"date":"2020-02-12T14:29:06","date_gmt":"2020-02-12T13:29:06","guid":{"rendered":"https:\/\/www.fisifvg.org\/?p=66824"},"modified":"2020-02-12T14:29:06","modified_gmt":"2020-02-12T13:29:06","slug":"emanuele-buzzi-49-nella-strana-prova-cronometrata-della-discesa-di-saalbach","status":"publish","type":"post","link":"https:\/\/comitati.fisi.org\/friuli-venezia-giulia\/blog\/2020\/02\/12\/emanuele-buzzi-49-nella-strana-prova-cronometrata-della-discesa-di-saalbach\/","title":{"rendered":"Emanuele Buzzi 49\u00b0 nella &#8220;strana&#8221; prova cronometrata della discesa di Saalbach"},"content":{"rendered":"<p>Prova in due tempi a Saalbach, in vista della discesa di Coppa del Mondo che recuperer\u00e0 quella cancellata a Yanqing, in Cina, a causa del coronavirus. Dopo il pettorale numero 30 le condizioni sono nettamente cambiate e il tracciato \u00e8 diventato molto pi\u00f9 veloce permettendo agli atleti con pettorali alti di conquistare le prime posizioni della classifica. Basti dire che fra i top ten, figurano ben nove atleti con il pettorale fra il 33 e il 56.<br \/>\nIl miglior tempo va dunque all&#8217;elvetico Ralph Weber capace di fermare il crono sull&#8217;1&#8217;26&#8243;43, davanti agli austriaci Christian Walder, + 39\/100, e Christoph Krenn, +43\/100.<br \/>\nIl migliore degli azzurri \u00e8 Christoph Innerhofer, 13\/o con 1&#8243;25 di distacco dal leader. Innerhofer, per\u00f2, non sar\u00e0 in gara gioved\u00ec. Mattia Casse \u00e8 15\/o a 1&#8243;31 di distacco. Al 23\/o posto si \u00e8 piazzato Matteo Marsaglia con 1&#8243;61 di ritardo, mentre Florian Schieder \u00e8 30\/o a 1&#8243;83.<br \/>\nDavide Cazzaniga \u00e8 47\/o con 2&#8243;67 di svantaggio, mentre \u00e8 <strong>49\/o Emanuele Buzzi <\/strong>(pettorale 21, <em><strong>nella foto<\/strong><\/em>).<br \/>\nGioved\u00ec alle 12.45 la partenza della gara sar\u00e0 abbassata a quella del superG, come \u00e8 successo per la prova di oggi, per permettere agli addetti ai lavori di liberare al meglio la pista dalla molta neve caduta nei giorni passati. Pista corta e quindi sono presumibili distacchi molto risicati fra i migliori e, forse, qualche sorpresa se si ripresenteranno le condizioni odierne.<br \/>\nA Saalbach si gareggi\u00f2 l&#8217;ultima volta nelle prove di velocit\u00e0 maschili nel febbraio del 2015 con doppietta di Matthias Mayer. Mai nessun italiano \u00e8 salito sul podio nella localit\u00e0 austriaca, nelle tappe di Coppa del mondo, in nessuna disciplina.<\/p>\n<p><a href=\"http:\/\/live.fis-ski.com\/lv-al0136.htm#\/ranking\">CLASSIFICA<\/a><\/p>\n","protected":false},"excerpt":{"rendered":"<p>Dopo il pettorale 30 le condizioni sono nettamente cambiate, il tracciato \u00e8 diventato molto pi\u00f9 veloce permettendo agli atleti con pettorali alti di conquistare le prime posizioni<\/p>\n","protected":false},"author":4,"featured_media":66070,"comment_status":"closed","ping_status":"closed","sticky":false,"template":"","format":"standard","meta":{"_acf_changed":false,"footnotes":""},"categories":[15],"tags":[],"acf":[],"_links":{"self":[{"href":"https:\/\/comitati.fisi.org\/friuli-venezia-giulia\/wp-json\/wp\/v2\/posts\/66824"}],"collection":[{"href":"https:\/\/comitati.fisi.org\/friuli-venezia-giulia\/wp-json\/wp\/v2\/posts"}],"about":[{"href":"https:\/\/comitati.fisi.org\/friuli-venezia-giulia\/wp-json\/wp\/v2\/types\/post"}],"author":[{"embeddable":true,"href":"https:\/\/comitati.fisi.org\/friuli-venezia-giulia\/wp-json\/wp\/v2\/users\/4"}],"replies":[{"embeddable":true,"href":"https:\/\/comitati.fisi.org\/friuli-venezia-giulia\/wp-json\/wp\/v2\/comments?post=66824"}],"version-history":[{"count":0,"href":"https:\/\/comitati.fisi.org\/friuli-venezia-giulia\/wp-json\/wp\/v2\/posts\/66824\/revisions"}],"wp:featuredmedia":[{"embeddable":true,"href":"https:\/\/comitati.fisi.org\/friuli-venezia-giulia\/wp-json\/wp\/v2\/media\/66070"}],"wp:attachment":[{"href":"https:\/\/comitati.fisi.org\/friuli-venezia-giulia\/wp-json\/wp\/v2\/media?parent=66824"}],"wp:term":[{"taxonomy":"category","embeddable":true,"href":"https:\/\/comitati.fisi.org\/friuli-venezia-giulia\/wp-json\/wp\/v2\/categories?post=66824"},{"taxonomy":"post_tag","embeddable":true,"href":"https:\/\/comitati.fisi.org\/friuli-venezia-giulia\/wp-json\/wp\/v2\/tags?post=66824"}],"curies":[{"name":"wp","href":"https:\/\/api.w.org\/{rel}","templated":true}]}}