{"id":66804,"date":"2020-02-12T11:58:17","date_gmt":"2020-02-12T10:58:17","guid":{"rendered":"https:\/\/www.fisifvg.org\/?p=66804"},"modified":"2020-02-12T11:58:17","modified_gmt":"2020-02-12T10:58:17","slug":"a-trieste-la-firma-che-ufficializza-lassegnazione-alla-regione-fvg-degli-eyof-2023","status":"publish","type":"post","link":"https:\/\/comitati.fisi.org\/friuli-venezia-giulia\/blog\/2020\/02\/12\/a-trieste-la-firma-che-ufficializza-lassegnazione-alla-regione-fvg-degli-eyof-2023\/","title":{"rendered":"A Trieste la firma che ufficializza l&#8217;assegnazione alla Regione FVG degli EYOF 2023"},"content":{"rendered":"<p>Venerd\u00ec 14 febbraio alle ore 10.30, nella sala Zodiaco dell&#8217;Hotel Savoia Excelsior Palace, in Riva del Mandracchio 4 a Trieste, avr\u00e0 luogo la <strong>cerimonia della firma dell&#8217;accordo formale che ufficializza l\u2019assegnazione di EYOF FVG 2023 &#8211; Festival Olimpico della Giovent\u00f9 Europea &#8211; edizione invernale &#8211; alla Regione Friuli Venezia Giulia<\/strong><\/p>\n<p>Il documento verr\u00e0 firmato dal presidente dei Comitati Olimpici Europei <strong>Janez Kocijan\u010di\u010d<\/strong>, dal presidente del CONI <strong>Giovanni Malag\u00f2,<\/strong> dal presidente della Regione FVG <strong>Massimiliano Fedriga<\/strong> e dal presidente esecutivo del Comitato Organizzatore EYOF FVG 2023<strong>\u00a0Maurizio Dunnhofer.<\/strong><\/p>\n","protected":false},"excerpt":{"rendered":"<p>Venerd\u00ec 14 saranno presenti Janez Kocijan\u010di\u010d, Giovanni Malag\u00f2, Massimiliano Fedriga e Maurizio Dunnhofer<\/p>\n","protected":false},"author":4,"featured_media":66806,"comment_status":"closed","ping_status":"closed","sticky":false,"template":"","format":"standard","meta":{"_acf_changed":false,"footnotes":""},"categories":[10,17],"tags":[],"acf":[],"_links":{"self":[{"href":"https:\/\/comitati.fisi.org\/friuli-venezia-giulia\/wp-json\/wp\/v2\/posts\/66804"}],"collection":[{"href":"https:\/\/comitati.fisi.org\/friuli-venezia-giulia\/wp-json\/wp\/v2\/posts"}],"about":[{"href":"https:\/\/comitati.fisi.org\/friuli-venezia-giulia\/wp-json\/wp\/v2\/types\/post"}],"author":[{"embeddable":true,"href":"https:\/\/comitati.fisi.org\/friuli-venezia-giulia\/wp-json\/wp\/v2\/users\/4"}],"replies":[{"embeddable":true,"href":"https:\/\/comitati.fisi.org\/friuli-venezia-giulia\/wp-json\/wp\/v2\/comments?post=66804"}],"version-history":[{"count":0,"href":"https:\/\/comitati.fisi.org\/friuli-venezia-giulia\/wp-json\/wp\/v2\/posts\/66804\/revisions"}],"wp:featuredmedia":[{"embeddable":true,"href":"https:\/\/comitati.fisi.org\/friuli-venezia-giulia\/wp-json\/wp\/v2\/media\/66806"}],"wp:attachment":[{"href":"https:\/\/comitati.fisi.org\/friuli-venezia-giulia\/wp-json\/wp\/v2\/media?parent=66804"}],"wp:term":[{"taxonomy":"category","embeddable":true,"href":"https:\/\/comitati.fisi.org\/friuli-venezia-giulia\/wp-json\/wp\/v2\/categories?post=66804"},{"taxonomy":"post_tag","embeddable":true,"href":"https:\/\/comitati.fisi.org\/friuli-venezia-giulia\/wp-json\/wp\/v2\/tags?post=66804"}],"curies":[{"name":"wp","href":"https:\/\/api.w.org\/{rel}","templated":true}]}}