{"id":66802,"date":"2020-02-12T11:32:39","date_gmt":"2020-02-12T10:32:39","guid":{"rendered":"https:\/\/www.fisifvg.org\/?p=66802"},"modified":"2020-02-12T11:32:39","modified_gmt":"2020-02-12T10:32:39","slug":"venerdi-14-sconto-del-50-sullo-skipass-giornaliero-per-i-tesserati-fisi-nei-poli-fvg","status":"publish","type":"post","link":"https:\/\/comitati.fisi.org\/friuli-venezia-giulia\/blog\/2020\/02\/12\/venerdi-14-sconto-del-50-sullo-skipass-giornaliero-per-i-tesserati-fisi-nei-poli-fvg\/","title":{"rendered":"Venerd\u00ec 14 sconto del 50% sullo skipass giornaliero per i tesserati FISI nei poli FVG"},"content":{"rendered":"<p><span style=\"font-weight: 400\"><em><strong>Riceviamo e volentieri pubblichiamo il comunicato di PromoturismoFVG.<\/strong><\/em><\/span><\/p>\n<p>Anche se la neve tarda ancora ad arrivare, tutte le piste del Friuli Venezia Giulia sono perfettamente innevate e aperte con le sole eccezioni di Sella Nevea, dove l\u2019Agonistica del Canin <span style=\"font-weight: 400\">\u00e8 impegnata con la Coppa Europa maschile di sci alpino fino a venerd\u00ec 14, <\/span>e di Sappada, che vede due impianti al momento ancora inattivi (seggiovia Miravalle e Hochbolt).<\/p>\n<p><span style=\"font-weight: 400\">Dopo la sfida estiva dedicata al mare, da luned\u00ec 10 febbraio \u00e8 partito <\/span><b>#FVGsnowchallenge<\/b><span style=\"font-weight: 400\">, l\u2019iniziativa di PromoTurismoFVG che chiama a raccolta gli appassionati di fotografia per raccontare, attraverso il loro scatti, la bellezza delle cime e dei paesaggi invernali montani del Friuli Venezia Giulia. La sfida, attiva fino al 10 marzo, \u00e8 dedicata a coloro che pubblicheranno sulla bacheca Instagram @FVGlive una foto delle montagne della regione a 360 gradi con il nome dell\u2019autore e inserendo <\/span><b>l\u2019hashtag #FVGsnowchallenge e la menzione @FVGlive<\/b><span style=\"font-weight: 400\">. Ogni settimana verr\u00e0 selezionata l\u2019immagine pi\u00f9 bella tra quelle pi\u00f9 popolari e suggestive e il fotografo dello scatto vincitore potr\u00e0 scegliere un\u2019esperienza <\/span><b>\u201cLive Like a Local\u201d <\/b><span style=\"font-weight: 400\">tra quelle disponibili sulla pagina del portale di PromoTurismoFVG dedicata al progetto (per maggiori informazioni sul challenge \u00e8 possibile consultare il sito <\/span><span style=\"font-weight: 400\">http:\/\/bit.ly\/FVGsnowchallenge<\/span><span style=\"font-weight: 400\">). Numerose sono inoltre le <\/span><b>offerte speciali <\/b><span style=\"font-weight: 400\">che PromoTurismoFVG ha studiato e messo in atto per questa stagione invernale.<\/span><\/p>\n<p>I <strong>tesserati FISI potranno beneficiare venerd\u00ec 14 febbraio e venerd\u00ec 13 marzo di una tariffa promozionale che prevede uno sconto del 50% sull\u2019acquisto dello skipass giornaliero <\/strong><span style=\"font-weight: 400\">mentre <\/span><b>per le famiglie<\/b><span style=\"font-weight: 400\">, PromoTurismoFVG propone anche quest\u2019anno riduzioni sui ticket per i pi\u00f9 piccoli: lo <\/span><b>skipass \u00e8 gratis <\/b><span style=\"font-weight: 400\">per tutti i bambini nati dal 2013 al 2017, i nati tra il 2006 e il 2012 compreso, possono invece beneficiare della tariffa bambini che prevede un costo giornaliero di 9,5 euro senza distinzioni di stagionalit\u00e0.<\/span><\/p>\n<p>Infine, sul prezzo individuale dell\u2019abbonamento stagionale <b>CARTAneve e sci@sempre <\/b><span style=\"font-weight: 400\">pu\u00f2 essere applicato lo <\/span><b>sconto famiglia del 35% <\/b><span style=\"font-weight: 400\">a ogni singolo componente della famiglia (minimo 3 componenti).\u00a0<\/span><\/p>\n<p><span style=\"font-weight: 400\">Le piste di Tarvisio e del comprensorio Sella Nevea-Kanin ospitano fino a venerd\u00ec 14 febbraio le atlete della nazionale femminile di sci alpino. Il team azzurro capitanato da <\/span><b>Federica Brignone<\/b><span style=\"font-weight: 400\">, seconda nella classifica generale di Coppa del Mondo, ha scelto le nevi del Tarvisiano per preparare al meglio il weekend di gare tecniche di Kranjska Gora dove andranno in scena uno slalom gigante e uno slalom speciale. Una bella occasione per gli appassionati di sci che potranno ammirare da vicino oltre che la campionessa Federica Brignone, anche <\/span><b>Marta Bassino <\/b><span style=\"font-weight: 400\">e tutte le altre protagoniste di una squadra che sta vivendo una stagione straordinaria.\u00a0<\/span><\/p>\n<p><span style=\"font-weight: 400\">Aggiornamenti in tempo reale sull\u2019apertura delle piste sul del sito www.promotur.org alla sezione Infoneve Tutti gli eventi sportivi su www.turismofvg.it\u00a0<\/span><\/p>\n<p><span style=\"color: #ff0000\"><b>APPUNTAMENTI\u00a0<\/b><\/span><\/p>\n<p><b>SAURIS-FORNI DI SOPRA\u00a0<\/b><\/p>\n<p><b>Sauris: <\/b><span style=\"font-weight: 400\">Venerd\u00ec 14 febbraio alle ore 18.00 \u00e8 in programma la suggestiva ciaspolata \u201cA lume di stelle\u201d.\u00a0<\/span><\/p>\n<p><span style=\"font-weight: 400\">Venerd\u00ec 14 febbraio alle 19.00 in localit\u00e0 Lateis, interessante appuntamento dal titolo \u201cCome nasce un violino\u201d, incontro con Lino Madotto liutaio per passione che spiega come nasce un violino. Saranno presenti anche alcuni componenti del gruppo Folkloristico Valresia. <\/span><b>Forni di Sopra: <\/b><span style=\"font-weight: 400\">Venerd\u00ec 14 e mercoled\u00ec 19 febbraio dalle 18.00 alle 20.00, appuntamento presso il Centro di Fondo per \u201cSciando sotto le stelle\u201d, attivit\u00e0 di avvicinamento allo sci di fondo promossa dai Maestri di Sci Sabato 15 e domenica 16 febbraio dalle ore 09.00 la pista Varmost2 \u00e8 teatro dei Memorial Claudio Suggi Liverali e Rossana Rinaldi, gare di slalom gigante valide per il circuito FIS Junior. Marted\u00ec 18 febbraio alle ore 17.00 Ski-Alp by night, le &#8220;piste Varmost 1&#8221; e &#8220;Senas bassa&#8221; saranno aperte per la salita con sci da alpinismo e pelli di foca. La risalita \u00e8 consentita fino al ristorante &#8220;La Suita\u201d a quota 1500 m. Mercoled\u00ec 19 febbraio appuntamento presso il Municipio Vecchio alle ore 21.00 per una serata in compagnia di Andrea Antonini dal titolo \u201cAstronomia per tutti\u201d.\u00a0<\/span><\/p>\n<p><b>TARVISIO E VALBRUNA\u00a0<\/b><\/p>\n<p><b>Valbruna: <\/b><span style=\"font-weight: 400\">Gioved\u00ec 13 e marted\u00ec 18 febbraio alle ore 10.00 e alle ore 11.00 appuntamento in Val Saisera presso l\u2019Agriturismo \u201cPrati Oitzingher\u201d per un suggestivo tour della Val Saisera a bordo di una carrozza trainata dai cavalli. <\/span><b>Val Bartolo: <\/b><span style=\"font-weight: 400\">Venerd\u00ec 14 febbraio alle ore 17.30 Snow fat bike, escursione in bici con le gomme da neve accompagnati da istruttore Ami bike. Ritrovo in Val Bartolo. <\/span><b>Sella Nevea<\/b><span style=\"font-weight: 400\">: Domenica 16 febbraio, dalle 08.00 escursione in freeride con guida alpina. Pranzo al sacco.\u00a0<\/span><\/p>\n<p><b>SAPPADA <\/b><b>E <\/b><b>FORNI AVOLTRI\u00a0<\/b><\/p>\n<p><b>Sappada<\/b><span style=\"font-weight: 400\">: gioved\u00ec 13 febbraio alle 20.45 presso la pista Col dei Mughi, Ski Show dei Maestri di sci di Sappada. Esibizione di tecniche sciistiche in notturna. Domenica 16 febbraio dalle 14.30 in poi a Borgata Kratten, secondo appuntamento col \u201cCarnevale sappadino Plodar Vosenocht\u201d e le caratteristiche maschere in legno. I travestimenti di questa giornata offrono goliardiche rappresentazioni dei lavori del passato. <\/span><b>Forni Avoltri: <\/b><span style=\"font-weight: 400\">sabato 15 febbraio, appuntamento presso l\u2019Infopoint per un\u2019escursione con le ciaspole in notturna senza fonti di luce artificiale, e a seguire tipica cena in baita alpina.\u00a0<\/span><\/p>\n<p><b>PIANCAVALLO\u00a0<\/b><\/p>\n<p><span style=\"font-weight: 400\">Gioved\u00ec 13 alle 18.00 appuntamento con \u201cLa fiaccolata dell\u2019ospite\u201d, suggestiva fiaccolata presso la pista Casere. Da venerd\u00ec 14 a domenica 16 febbraio \u00e8 in programma la 37ma edizione della \u201cTranscavallo-Alpago\u201d storica manifestazione internazionale di sci alpinismo che si sviluppa lungo i principali versanti dei monti che circondano Piancavallo. Domenica 16 febbraio alle 10.00 in localit\u00e0 Ronciade appuntamento con l\u2019escursione \u201cUn giro con le ciaspole\u201d.\u00a0<\/span><\/p>\n<p><b>ZONCOLAN\u00a0<\/b><\/p>\n<p><b>Sutrio: <\/b><span style=\"font-weight: 400\">Venerd\u00ec 14 febbraio dalle ore 11.00, visita al caseificio Alto But e degustazione dei formaggi tipici della Carnia. <\/span><b>Zoncolan: <\/b><span style=\"font-weight: 400\">Sabato 15 febbraio alle 11.00 appuntamento con \u201cAttento al lupo\u201d, gioco sportivo-educativo sulle piste dello Zoncolan. <\/span><b>Ravascletto: <\/b><span style=\"font-weight: 400\">Domenica 16 febbraio dalle 14.30, \u201cCarnevale della Valcalda\u201d, sfilata in maschera lungo le vie del centro di Ravascletto.\u00a0<\/span><\/p>\n","protected":false},"excerpt":{"rendered":"<p>Nel comunicato di Promoturismo FVG anche tutti gli appuntamenti della settimana<\/p>\n","protected":false},"author":4,"featured_media":63989,"comment_status":"closed","ping_status":"closed","sticky":false,"template":"","format":"standard","meta":{"_acf_changed":false,"footnotes":""},"categories":[10,17],"tags":[],"acf":[],"_links":{"self":[{"href":"https:\/\/comitati.fisi.org\/friuli-venezia-giulia\/wp-json\/wp\/v2\/posts\/66802"}],"collection":[{"href":"https:\/\/comitati.fisi.org\/friuli-venezia-giulia\/wp-json\/wp\/v2\/posts"}],"about":[{"href":"https:\/\/comitati.fisi.org\/friuli-venezia-giulia\/wp-json\/wp\/v2\/types\/post"}],"author":[{"embeddable":true,"href":"https:\/\/comitati.fisi.org\/friuli-venezia-giulia\/wp-json\/wp\/v2\/users\/4"}],"replies":[{"embeddable":true,"href":"https:\/\/comitati.fisi.org\/friuli-venezia-giulia\/wp-json\/wp\/v2\/comments?post=66802"}],"version-history":[{"count":0,"href":"https:\/\/comitati.fisi.org\/friuli-venezia-giulia\/wp-json\/wp\/v2\/posts\/66802\/revisions"}],"wp:featuredmedia":[{"embeddable":true,"href":"https:\/\/comitati.fisi.org\/friuli-venezia-giulia\/wp-json\/wp\/v2\/media\/63989"}],"wp:attachment":[{"href":"https:\/\/comitati.fisi.org\/friuli-venezia-giulia\/wp-json\/wp\/v2\/media?parent=66802"}],"wp:term":[{"taxonomy":"category","embeddable":true,"href":"https:\/\/comitati.fisi.org\/friuli-venezia-giulia\/wp-json\/wp\/v2\/categories?post=66802"},{"taxonomy":"post_tag","embeddable":true,"href":"https:\/\/comitati.fisi.org\/friuli-venezia-giulia\/wp-json\/wp\/v2\/tags?post=66802"}],"curies":[{"name":"wp","href":"https:\/\/api.w.org\/{rel}","templated":true}]}}