{"id":66764,"date":"2020-02-10T15:59:20","date_gmt":"2020-02-10T14:59:20","guid":{"rendered":"https:\/\/www.fisifvg.org\/?p=66764"},"modified":"2020-02-10T15:59:20","modified_gmt":"2020-02-10T14:59:20","slug":"emanuele-buzzi-a-saalbach-per-la-discesa-e-il-superg-di-coppa-del-mondo","status":"publish","type":"post","link":"https:\/\/comitati.fisi.org\/friuli-venezia-giulia\/blog\/2020\/02\/10\/emanuele-buzzi-a-saalbach-per-la-discesa-e-il-superg-di-coppa-del-mondo\/","title":{"rendered":"Emanuele Buzzi a Saalbach per la discesa e il superG di Coppa del Mondo"},"content":{"rendered":"<p>Gioved\u00ec 13 e venerd\u00ec 14 febbraio la <strong>Coppa del Mondo maschile di sci alpino<\/strong> far\u00e0 tappa per la terza volta in questa stagione (dopo Soelden e Kitzbuehel) in Austria. Questa volta il Circo Bianco approder\u00e0 a Saalbach, la localit\u00e0 scelta per recuperare le gare inizialmente programmate a Yanqing, in Cina, per il prossimo weekend e poi annullate a causa del coronavirus. Sar\u00e0 una due giorni all&#8217;insegna della velocit\u00e0: si inizier\u00e0 gioved\u00ec con la discesa (ore 12,45) per poi proseguire il giorno successivo con il superG a partire dalle ore 11. Cancellata causa maltempo la prova cronometrata di marted\u00ec 11, resta quindi solo quella del mercoled\u00ec 12.<\/p>\n<p>L&#8217;Italia si presenter\u00e0 al via con un contingente di otto uomini composto da Guglielmo Bosca<strong>, Emanuele Buzzi <em>(nella foto)<\/em><\/strong><em>,<\/em> Mattia Casse, Christof Innerhofer, Matteo Marsaglia, Alexander Prast, Florian Schieder e Davide Cazzaniga. L&#8217;ultimo podio azzurro a Saalbach risale al 1998, quando Alberto Tomba centr\u00f2 la seconda posizione nel gigante. Gigante che si disput\u00f2 anche nel 2018, l&#8217;anno dell&#8217;ultima apparizione della Cdm maschile sul tracciato austriaco: il miglior italiano risult\u00f2 essere Luca De Aliprandini, nono nella prova vinta dallo sloveno Zan Kranjec. Nel medesimo weekend si disput\u00f2 anche uno slalom: il successo and\u00f2 a Marcel Hirscher, 11esimo invece Manfred Moelgg.<\/p>\n","protected":false},"excerpt":{"rendered":"<p>La localit\u00e0 austriaca recupera le gare inizialmente programmate a Yanqing, in Cina e poi annullate a causa del coronavirus<\/p>\n","protected":false},"author":4,"featured_media":65561,"comment_status":"closed","ping_status":"closed","sticky":false,"template":"","format":"standard","meta":{"_acf_changed":false,"footnotes":""},"categories":[15],"tags":[],"acf":[],"_links":{"self":[{"href":"https:\/\/comitati.fisi.org\/friuli-venezia-giulia\/wp-json\/wp\/v2\/posts\/66764"}],"collection":[{"href":"https:\/\/comitati.fisi.org\/friuli-venezia-giulia\/wp-json\/wp\/v2\/posts"}],"about":[{"href":"https:\/\/comitati.fisi.org\/friuli-venezia-giulia\/wp-json\/wp\/v2\/types\/post"}],"author":[{"embeddable":true,"href":"https:\/\/comitati.fisi.org\/friuli-venezia-giulia\/wp-json\/wp\/v2\/users\/4"}],"replies":[{"embeddable":true,"href":"https:\/\/comitati.fisi.org\/friuli-venezia-giulia\/wp-json\/wp\/v2\/comments?post=66764"}],"version-history":[{"count":0,"href":"https:\/\/comitati.fisi.org\/friuli-venezia-giulia\/wp-json\/wp\/v2\/posts\/66764\/revisions"}],"wp:featuredmedia":[{"embeddable":true,"href":"https:\/\/comitati.fisi.org\/friuli-venezia-giulia\/wp-json\/wp\/v2\/media\/65561"}],"wp:attachment":[{"href":"https:\/\/comitati.fisi.org\/friuli-venezia-giulia\/wp-json\/wp\/v2\/media?parent=66764"}],"wp:term":[{"taxonomy":"category","embeddable":true,"href":"https:\/\/comitati.fisi.org\/friuli-venezia-giulia\/wp-json\/wp\/v2\/categories?post=66764"},{"taxonomy":"post_tag","embeddable":true,"href":"https:\/\/comitati.fisi.org\/friuli-venezia-giulia\/wp-json\/wp\/v2\/tags?post=66764"}],"curies":[{"name":"wp","href":"https:\/\/api.w.org\/{rel}","templated":true}]}}