{"id":66494,"date":"2020-02-08T19:15:01","date_gmt":"2020-02-08T18:15:01","guid":{"rendered":"https:\/\/www.fisifvg.org\/?p=66494"},"modified":"2020-02-08T19:15:01","modified_gmt":"2020-02-08T18:15:01","slug":"coppa-continentale-federico-cecon-23-sul-trampolino-di-brotterode","status":"publish","type":"post","link":"https:\/\/comitati.fisi.org\/friuli-venezia-giulia\/blog\/2020\/02\/08\/coppa-continentale-federico-cecon-23-sul-trampolino-di-brotterode\/","title":{"rendered":"Coppa Continentale, Federico Cecon 23\u00b0 sul trampolino di Brotterode"},"content":{"rendered":"<p>Prima delle due giornate di gara a Brottedore, in Germania, per la <strong>Coppa Continentale di salto con gli sci.<\/strong><\/p>\n<p>Sul trampolino HS117<strong> Federico Cecon si \u00e8 piazzato 23\u00b0, <\/strong>unico italiano ad accedere al secondo salto, nel quale il finanziere di Malborghetto ha perso tre posizioni rispetto a met\u00e0 gara, anche se \u00e8 stato poco fortunato, visto che nel fazzoletto di un punto ci sono sei saltatori e con mezzo punto in pi\u00f9 si sarebbe ritrovato 19\u00b0.<\/p>\n<p>Successo per lo sloveno Justin.<\/p>\n<p>Domenica si replica.<\/p>\n<p><a href=\"https:\/\/www.fis-ski.com\/DB\/general\/results.html?sectorcode=JP&amp;raceid=5728\">CLASSIFICA<\/a><\/p>\n<p><em><strong>(nella foto Federico Cecon)<\/strong><\/em><\/p>\n","protected":false},"excerpt":{"rendered":"<p>Prima delle due giornate di gara sull&#8217;HS117 tedesco, presente il finanziere di Malborghetto<\/p>\n","protected":false},"author":4,"featured_media":64492,"comment_status":"closed","ping_status":"closed","sticky":false,"template":"","format":"standard","meta":{"_acf_changed":false,"footnotes":""},"categories":[12],"tags":[],"acf":[],"_links":{"self":[{"href":"https:\/\/comitati.fisi.org\/friuli-venezia-giulia\/wp-json\/wp\/v2\/posts\/66494"}],"collection":[{"href":"https:\/\/comitati.fisi.org\/friuli-venezia-giulia\/wp-json\/wp\/v2\/posts"}],"about":[{"href":"https:\/\/comitati.fisi.org\/friuli-venezia-giulia\/wp-json\/wp\/v2\/types\/post"}],"author":[{"embeddable":true,"href":"https:\/\/comitati.fisi.org\/friuli-venezia-giulia\/wp-json\/wp\/v2\/users\/4"}],"replies":[{"embeddable":true,"href":"https:\/\/comitati.fisi.org\/friuli-venezia-giulia\/wp-json\/wp\/v2\/comments?post=66494"}],"version-history":[{"count":0,"href":"https:\/\/comitati.fisi.org\/friuli-venezia-giulia\/wp-json\/wp\/v2\/posts\/66494\/revisions"}],"wp:featuredmedia":[{"embeddable":true,"href":"https:\/\/comitati.fisi.org\/friuli-venezia-giulia\/wp-json\/wp\/v2\/media\/64492"}],"wp:attachment":[{"href":"https:\/\/comitati.fisi.org\/friuli-venezia-giulia\/wp-json\/wp\/v2\/media?parent=66494"}],"wp:term":[{"taxonomy":"category","embeddable":true,"href":"https:\/\/comitati.fisi.org\/friuli-venezia-giulia\/wp-json\/wp\/v2\/categories?post=66494"},{"taxonomy":"post_tag","embeddable":true,"href":"https:\/\/comitati.fisi.org\/friuli-venezia-giulia\/wp-json\/wp\/v2\/tags?post=66494"}],"curies":[{"name":"wp","href":"https:\/\/api.w.org\/{rel}","templated":true}]}}