{"id":66477,"date":"2020-02-07T18:07:15","date_gmt":"2020-02-07T17:07:15","guid":{"rendered":"https:\/\/www.fisifvg.org\/?p=66477"},"modified":"2020-02-07T18:07:15","modified_gmt":"2020-02-07T17:07:15","slug":"inaugurato-in-val-saisera-il-nuovo-centro-fondo-dedicato-a-piero-di-lenardo","status":"publish","type":"post","link":"https:\/\/comitati.fisi.org\/friuli-venezia-giulia\/blog\/2020\/02\/07\/inaugurato-in-val-saisera-il-nuovo-centro-fondo-dedicato-a-piero-di-lenardo\/","title":{"rendered":"Inaugurato in Val Saisera il nuovo centro fondo dedicato a Piero Di Lenardo"},"content":{"rendered":"<p><em>&#8220;La montagna del Friuli Venezia Giulia \u00e8 ricca di luoghi di grande bellezza che per essere proposti al grande pubblico, e di conseguenza valorizzati dal punto di vista turistico, necessitano di infrastrutture sportive e ricettive di alto livello&#8221;.<\/em> \u00c8 questo il concetto espresso dal governatore del Friuli Venezia Giulia <strong>Massimiliano Fedriga<\/strong> all&#8217;<strong>inaugurazione del Centro sci fondo &#8220;Piero Di Lenardo&#8221; in Val Saisera,<\/strong> avvenuta questa mattina in comune di Malborghetto. Presenti nell&#8217;occasione anche il presidente della FISI FVG <strong>Maurizio Dunnhofer,<\/strong> i consiglieri federali <strong>Gabriella Paruzzi e Enzo Sima, <\/strong>oltre al consigliere regionale<strong> Stefano Mazzolini <\/strong>e al sindaco <strong>Boris Preschern.<\/strong><\/p>\n<p><a href=\"http:\/\/comitati.fisi.org\/friuli-venezia-giulia\/wp-content\/uploads\/sites\/34\/2020\/02\/Mail17Tx0022.jpg\"><img loading=\"lazy\" decoding=\"async\" class=\"alignright wp-image-66479\" src=\"http:\/\/comitati.fisi.org\/friuli-venezia-giulia\/wp-content\/uploads\/sites\/34\/2020\/02\/Mail17Tx0022-400x400.jpg\" alt=\"\" width=\"500\" height=\"375\" \/><\/a>Grazie al supporto della Regione, che attraverso la concertazione con gli enti locali ha destinato all&#8217;Uti Canal del Ferro-Val Canale 90mila euro (10mila per il 2020 e 80 mila per il 2021), l&#8217;impianto di innevamento artificiale della pista di fondo \u00e8 stato potenziato e ora potr\u00e0 garantire l&#8217;utilizzo della struttura indipendentemente dalle precipitazioni nevose.<\/p>\n<p>Nell&#8217;occasione \u00e8 stata evidenziata l&#8217;importanza della collaborazione tra istituzioni a supporto dei territori ed \u00e8 stata confermata la volont\u00e0 della Regione di sostenere gli investimenti nell&#8217;area montana per ampliare l&#8217;offerta turistica e generare ricadute positive per il Friuli Venezia Giulia.<\/p>\n<p>La Regione ha gi\u00e0 stanziato 20 milioni di euro per il turismo e sono stati attuati provvedimenti a favore di chi vive e lavora nelle zone montane: il territorio montano \u00e8 infatti considerato fondamentale dall&#8217;amministrazione regionale, la quale punta a effettuare ulteriori investimenti sul monte Lussari, la fine di ampliare le piste di sci a disposizione di atleti e turisti e favorire l&#8217;economia del tarvisiano.<\/p>\n<p>Dopo il taglio del nastro della pista di fondo, il governatore ha raggiunto l&#8217;arena Gabriella Paruzzi di Tarvisio, dove si stanno svolgendo le gare della Opa Cup di sci di fondo, organizzate dallo Sci club Panorama.<\/p>\n<p>Elogiando il lavoro svolto dagli organizzatori dell&#8217;evento, complimentandosi con gli atleti e sottolineando la centralit\u00e0 delle manifestazioni sportive di alto profilo per la promozione turistica dell&#8217;area, il governatore ha quindi auspicato che anche il Friuli Venezia Giulia possa essere protagonista delle Olimpiadi invernali 2026.<\/p>\n","protected":false},"excerpt":{"rendered":"<p>Alla cerimonia presente anche il presidente della Regione FVG Massimiliano Fedriga<\/p>\n","protected":false},"author":4,"featured_media":66478,"comment_status":"closed","ping_status":"closed","sticky":false,"template":"","format":"standard","meta":{"_acf_changed":false,"footnotes":""},"categories":[10,11],"tags":[],"acf":[],"_links":{"self":[{"href":"https:\/\/comitati.fisi.org\/friuli-venezia-giulia\/wp-json\/wp\/v2\/posts\/66477"}],"collection":[{"href":"https:\/\/comitati.fisi.org\/friuli-venezia-giulia\/wp-json\/wp\/v2\/posts"}],"about":[{"href":"https:\/\/comitati.fisi.org\/friuli-venezia-giulia\/wp-json\/wp\/v2\/types\/post"}],"author":[{"embeddable":true,"href":"https:\/\/comitati.fisi.org\/friuli-venezia-giulia\/wp-json\/wp\/v2\/users\/4"}],"replies":[{"embeddable":true,"href":"https:\/\/comitati.fisi.org\/friuli-venezia-giulia\/wp-json\/wp\/v2\/comments?post=66477"}],"version-history":[{"count":0,"href":"https:\/\/comitati.fisi.org\/friuli-venezia-giulia\/wp-json\/wp\/v2\/posts\/66477\/revisions"}],"wp:featuredmedia":[{"embeddable":true,"href":"https:\/\/comitati.fisi.org\/friuli-venezia-giulia\/wp-json\/wp\/v2\/media\/66478"}],"wp:attachment":[{"href":"https:\/\/comitati.fisi.org\/friuli-venezia-giulia\/wp-json\/wp\/v2\/media?parent=66477"}],"wp:term":[{"taxonomy":"category","embeddable":true,"href":"https:\/\/comitati.fisi.org\/friuli-venezia-giulia\/wp-json\/wp\/v2\/categories?post=66477"},{"taxonomy":"post_tag","embeddable":true,"href":"https:\/\/comitati.fisi.org\/friuli-venezia-giulia\/wp-json\/wp\/v2\/tags?post=66477"}],"curies":[{"name":"wp","href":"https:\/\/api.w.org\/{rel}","templated":true}]}}