{"id":66414,"date":"2020-02-07T17:28:12","date_gmt":"2020-02-07T16:28:12","guid":{"rendered":"https:\/\/www.fisifvg.org\/?p=66414"},"modified":"2020-02-07T17:28:12","modified_gmt":"2020-02-07T16:28:12","slug":"special-olympics-conclusi-i-giochi-nazionali-invernali-di-sappada","status":"publish","type":"post","link":"https:\/\/comitati.fisi.org\/friuli-venezia-giulia\/blog\/2020\/02\/07\/special-olympics-conclusi-i-giochi-nazionali-invernali-di-sappada\/","title":{"rendered":"Special Olympics, conclusi i Giochi Nazionali Invernali di Sappada"},"content":{"rendered":"<p><span style=\"font-weight: 400\">Oggi <\/span><b>terzo e ultimo giorno di gare<\/b><span style=\"font-weight: 400\"> e <\/span><b>premiazioni<\/b><span style=\"font-weight: 400\"> ai <\/span><b>XXXI Giochi Nazionali Invernali Special Olympics<\/b><span style=\"font-weight: 400\"> a<\/span><b> Sappada<\/b><span style=\"font-weight: 400\">. <\/span><b>523 atleti <\/b><span style=\"font-weight: 400\">hanno dato prova di capacit\u00e0 e determinazione in <\/span><b>sci alpino<\/b><span style=\"font-weight: 400\">,<\/span><b> sci nordico<\/b><span style=\"font-weight: 400\">, <\/span><b>corsa con le racchette da neve<\/b><span style=\"font-weight: 400\"> e<\/span><b> snowboard<\/b><span style=\"font-weight: 400\">.<\/span><\/p>\n<p><span style=\"font-weight: 400\">Nello sci alpino ha gareggiato <\/span><b>Elisa Trucchi, <\/b><span style=\"font-weight: 400\">che, grazie allo sport, \u00e8 tornata a vivere.<\/span><b>\u00a0<\/b><\/p>\n<p><span style=\"font-weight: 400\">Elisa Margherita Trucchi \u00e8 nata a Novi Ligure (AL) il 2 Agosto 1995, \u00e8 una piccola, bellissima neonata di poco pi\u00f9 di 2 kg: la sentenza senza appello \u00e8 che \u00e8 affetta dalla Sindrome di Down. I medici dicono che avr\u00e0 difficolt\u00e0 di apprendimento, di espressione vocale, che avr\u00e0 una maggiore predisposizione alle malattie, croniche e non, che avr\u00e0 un invecchiamento precoce, che la sua vita \u00e8 segnata irreparabilmente. <\/span><span style=\"font-weight: 400\">Alla mamma comunicano che \u201ci Down non succhiano\u201d e quindi le tolgono il latte materno.<\/span><span style=\"font-weight: 400\">Ma da subito Elisa dimostra di voler vivere, e di voler rendere felice chi le sta attorno: sorride a tutti, a 9 mesi nuota, a 14 mesi cammina, a 2 anni corre per casa e fuori, \u00e8 gioiosa ed affettuosa. Non ha patologie cardiache, n\u00e9 altri evidenti lacune.<br \/>\n<\/span><span style=\"font-weight: 400\">Poi, nell\u2019autunno del \u201897, comincia a mostrare un\u2019inaspettata stanchezza, una serie di ecchimosi agli arti inferiori, una febbricola persistente. Grazie alla testardaggine dei suoi genitori, che non riconoscevano pi\u00f9 la loro Elisa, nonostante ben due pediatri consultati dicessero che non era nulla di grave, senza fare i dovuti esami, Elisa viene portata all\u2019Ospedaletto di Alessandria, dove le viene riscontrata una Leucemia Mieloide Acuta e viene trasferita d\u2019urgenza all\u2019ospedale San Gerardo di Monza.<br \/>\n<\/span><span style=\"font-weight: 400\">L\u00ec, finalmente, nonostante sia quasi in fin di vita, con 100000 globuli bianchi, la diagnosi \u00e8 certa e le cure sollecite del Professor Masera e del Dott. M.Jankovich riescono a salvarle la vita, nonostante una previsione di sopravvivenza del 30%.<br \/>\n<\/span><span style=\"font-weight: 400\">Dopo la chemioterapia, unica terapia per lei possibile, a 4 anni pu\u00f2 cominciare la scuola materna, anche se per dichiararla guarita bisogna aspettare il trascorrere di 5 lunghi anni.<br \/>\n<\/span><span style=\"font-weight: 400\">La scuola, con alti e bassi, gli alti di Elisa e di un paio di insegnanti di sostegno, e i bassi.. che inevitabilmente segnano ogni momento delle nostre vite, trascorrono con grande impegno, e , a pensarci adesso, anche troppo velocemente.<br \/>\n<\/span><span style=\"font-weight: 400\">Inclusione non era una parola ancora usata, i compagni di scuola spesso indifferenti, tranne uno, unico, meraviglioso e grande. <\/span><span style=\"font-weight: 400\">Dall\u2019ultimo anno della scuola materna, sino alla sua scomparsa, Elisa ha infatti un amico vero, Andrea Chaves, un ragazzo dotato, oltre che di grande intelligenza, anche di grande sensibilit\u00e0, proprio esattamente quello di cui Elisa aveva bisogno. <\/span><span style=\"font-weight: 400\">Sempre presente con i suoi splendidi genitori, sempre pronto ad aiutarla e sostenerla, a intervenire se c\u2019era un problema in classe.\u00a0<\/span><span style=\"font-weight: 400\">Nasce un\u2019amicizia profonda,quasi inspiegabile per molti: Andrea \u00e8 un ragazzo sportivo, studioso, che eccelle in tutto, senza farsene un vanto.\u00a0<\/span><span style=\"font-weight: 400\">Elisa e Andrea crescono, ognuno fa il proprio percorso scolastico alle superiori.\u00a0<\/span><span style=\"font-weight: 400\">Andrea va all\u2019Universit\u00e0 e ottiene sempre il massimo dei voti, ma quando torna a Novi non gli manca il tempo per portare fuori Elisa, per una pizza, per un teatro, o semplicemente per giocare con lei e aiutarla ad organizzare la sua festa di compleanno ad agosto. <\/span><span style=\"font-weight: 400\">Poi un\u2019altra prova aspettava Elisa nel settembre del 2017: Andrea muore in un incidente in montagna, lui che era un provetto scalatore. &#8220;<\/span><span style=\"font-weight: 400\">La prima cosa che Elisa ricordo ci ha detto \u00e8 stata \u201dadesso basta piangere, dobbiamo pensare a Yonny e Patrizia, i suoi genitori\u201d &#8211; ricorda la madre Enrica -. Non era la prima volta che Elisa spiazzava tutti, e non sarebbe stata l\u2019ultima&#8221;.<br \/>\n<\/span><span style=\"font-weight: 400\"><br \/>\n<em>&#8220;Grazie alla famiglia Perrone, l\u2019anno scorso siamo venuti a conoscenza di Special Olympics &#8211; <\/em>continua la signora Enrica &#8211;<em>. E&#8217;<\/em><\/span><em><span style=\"font-weight: 400\"> stata per noi genitori una fantastica scoperta. Elisa ha cos\u00ec partecipato ai Giochi Nazionali Invernali a Bardonecchia per lo Sci Alpino: una medaglia d&#8217;oro e due d&#8217;argento ci hanno consentito di vederla <\/span><span style=\"font-weight: 400\">di nuovo sorridere.\u00a0<\/span><span style=\"font-weight: 400\">Elisa scia dall\u2019et\u00e0 di 8 anni, il suo pap\u00e0 Oreste \u00e8 stato il primo \u201cmaestro\u201d.\u00a0<\/span><span style=\"font-weight: 400\">Si era allenata anche 8 anni nel nuoto, a livello amatoriale, e pratica danza moderna e contemporanea dall\u2019et\u00e0 di 19 anni.\u00a0<\/span><span style=\"font-weight: 400\">I risultati delle Special Olympics le hanno dato una notoriet\u00e0 a livello locale, abbiamo una pila di giornali di articoli e foto sulle sue \u201cimprese\u201d.\u00a0<\/span><span style=\"font-weight: 400\">Ora per strada molti la riconoscono, si complimentano, la salutano.\u00a0<\/span><span style=\"font-weight: 400\">In occasione della Festa della donna il sindaco di allora le ha conferito il \u201cGianduiotto Dorato\u201d, come miglior atleta donna dell\u2019anno di Novi Ligure.\u00a0<\/span><span style=\"font-weight: 400\">Elisa ha voluto dedicare questo riconoscimento ad Andrea, che \u00e8 sempre presente nel suo pensiero e nel suo cuore, che la sprona a fare meglio, a fare \u201c sul serio\u201d, come faceva lui.\u00a0<\/span><span style=\"font-weight: 400\">Le medaglie la gratificano &#8211; <\/span><\/em><span style=\"font-weight: 400\">conclude la madre di Elisa<\/span><em><span style=\"font-weight: 400\"> -, ma soprattutto per lei sono state pi\u00f9 di questo, sono state un nuovo ritorno alla vita&#8221;.<\/span><\/em><\/p>\n<div class=\"x-resp-embed x-is-video x-is-youtube\"><iframe loading=\"lazy\" title=\"La storia di Elisa Trucchi ai XXXI Giochi Nazionali Invernali Special Olympics, Sappada 2020\" width=\"500\" height=\"281\" src=\"https:\/\/www.youtube.com\/embed\/I_Zo7Z8XA7g?feature=oembed\" frameborder=\"0\" allow=\"accelerometer; autoplay; clipboard-write; encrypted-media; gyroscope; picture-in-picture; web-share\" referrerpolicy=\"strict-origin-when-cross-origin\" allowfullscreen><\/iframe><\/div>\n","protected":false},"excerpt":{"rendered":"<p>Nello sci alpino ha gareggiato Elisa Trucchi, che, grazie allo sport, \u00e8 tornata a vivere<\/p>\n","protected":false},"author":4,"featured_media":66469,"comment_status":"closed","ping_status":"closed","sticky":false,"template":"","format":"standard","meta":{"_acf_changed":false,"footnotes":""},"categories":[10,22,17],"tags":[],"acf":[],"_links":{"self":[{"href":"https:\/\/comitati.fisi.org\/friuli-venezia-giulia\/wp-json\/wp\/v2\/posts\/66414"}],"collection":[{"href":"https:\/\/comitati.fisi.org\/friuli-venezia-giulia\/wp-json\/wp\/v2\/posts"}],"about":[{"href":"https:\/\/comitati.fisi.org\/friuli-venezia-giulia\/wp-json\/wp\/v2\/types\/post"}],"author":[{"embeddable":true,"href":"https:\/\/comitati.fisi.org\/friuli-venezia-giulia\/wp-json\/wp\/v2\/users\/4"}],"replies":[{"embeddable":true,"href":"https:\/\/comitati.fisi.org\/friuli-venezia-giulia\/wp-json\/wp\/v2\/comments?post=66414"}],"version-history":[{"count":0,"href":"https:\/\/comitati.fisi.org\/friuli-venezia-giulia\/wp-json\/wp\/v2\/posts\/66414\/revisions"}],"wp:featuredmedia":[{"embeddable":true,"href":"https:\/\/comitati.fisi.org\/friuli-venezia-giulia\/wp-json\/wp\/v2\/media\/66469"}],"wp:attachment":[{"href":"https:\/\/comitati.fisi.org\/friuli-venezia-giulia\/wp-json\/wp\/v2\/media?parent=66414"}],"wp:term":[{"taxonomy":"category","embeddable":true,"href":"https:\/\/comitati.fisi.org\/friuli-venezia-giulia\/wp-json\/wp\/v2\/categories?post=66414"},{"taxonomy":"post_tag","embeddable":true,"href":"https:\/\/comitati.fisi.org\/friuli-venezia-giulia\/wp-json\/wp\/v2\/tags?post=66414"}],"curies":[{"name":"wp","href":"https:\/\/api.w.org\/{rel}","templated":true}]}}