{"id":66387,"date":"2020-02-06T14:26:42","date_gmt":"2020-02-06T13:26:42","guid":{"rendered":"https:\/\/www.fisifvg.org\/?p=66387"},"modified":"2020-02-06T14:26:42","modified_gmt":"2020-02-06T13:26:42","slug":"giuseppe-piller-cottrer-commentera-i-mondiali-di-biathlon-per-la-rai","status":"publish","type":"post","link":"https:\/\/comitati.fisi.org\/friuli-venezia-giulia\/blog\/2020\/02\/06\/giuseppe-piller-cottrer-commentera-i-mondiali-di-biathlon-per-la-rai\/","title":{"rendered":"Giuseppe Piller Cottrer commenter\u00e0 i Mondiali di biathlon per la RAI"},"content":{"rendered":"<p>Esattamente 30 anni fa <strong>Giuseppe Piller Cottrer<\/strong> disput\u00f2 la sua unica gara nella Coppa del Mondo di biathlon. <em>\u00abPartecipai alla prova individuale e al poligono fu un disastro, perch\u00e9 commisi otto errori e mi piazzai 73\u00b0<\/em>\u00bb, ricorda il cinquantunenne di <strong>Sappada, responsabile dell&#8217;area nordica del Settore Tecnico Federale nonch\u00e9 allenatore e preparatore atletico della squadra FISI FVG<\/strong>.<br \/>\nUn anniversario, quello dell&#8217;approdo in Coppa del Mondo, celebrato in maniera speciale: quella gara, infatti, si disput\u00f2 ad Anterselva e proprio nella localit\u00e0 altoatesina dalla prossima settimana si svolgeranno i Mondiali, che vedranno Piller Cottrer <strong>al microfono nel ruolo di commentatore tecnico RAI<\/strong>, lui che nel 2018 comment\u00f2 le Olimpiadi di Sochi.<\/p>\n<div id=\"attachment_64195\" style=\"width: 360px\" class=\"wp-caption alignleft\"><a href=\"http:\/\/comitati.fisi.org\/friuli-venezia-giulia\/wp-content\/uploads\/sites\/34\/2020\/01\/PhotoSolero200104122640.jpg\"><img loading=\"lazy\" decoding=\"async\" aria-describedby=\"caption-attachment-64195\" class=\"wp-image-64195\" src=\"http:\/\/comitati.fisi.org\/friuli-venezia-giulia\/wp-content\/uploads\/sites\/34\/2020\/01\/PhotoSolero200104122640-400x400.jpg\" alt=\"\" width=\"350\" height=\"233\" \/><\/a><p id=\"caption-attachment-64195\" class=\"wp-caption-text\">Daniele Cappellari (PhotoSolero)<\/p><\/div>\n<p><em>\u00abAttendo con emozione l&#8217;appuntamento iridato, anche perch\u00e9 per la prima volta svolger\u00f2 questo compito direttamente sul campo di gara &#8211;<\/em> dice il sappadino, che a Obertilliach, in Austria, ha fatto visita alla squadra azzurra, presente in Austria per il ritiro premondiale -. <em>L&#8217;emozione \u00e8 comunque il motore di tutto, quindi sono molto carico. Sar\u00e0 bello ritornare ad Anterselva, perch\u00e9 mi ricorda il periodo nel quale gareggiavo, in particolare la stagione 1986-87, quando vinsi l&#8217;Alpen Cup Juniores, il circuito europeo che prevedeva 10 gare suddivise in 5 tappe\u00bb.<br \/>\n<\/em> Piller Cottrer affiancher\u00e0 il telecronista Luca Di Bella e, oltre alla gara, preparer\u00e0 dei contributi dalla pista per spiegare le difficolt\u00e0 e i punti chiave del tracciato, sulla scia di quanto accade televisivamente con lo sci alpino. <em>\u00abUn compito stimolante, nel biathlon le cose da raccontare sono molte e Anterselva offre vari spunti, a partire dalla salita che precede il poligono. Bisogner\u00e0 quindi capire ad esempio quale \u00e8 il punto dove iniziare a prendere fiato in vista del tiro, perch\u00e9 nel momento in cui prendi in mano la carabina bisogna essere lucidi\u00bb.<\/em><\/p>\n<div id=\"attachment_63890\" style=\"width: 410px\" class=\"wp-caption alignright\"><a href=\"http:\/\/comitati.fisi.org\/friuli-venezia-giulia\/wp-content\/uploads\/sites\/34\/2019\/12\/BIATHLON-2020-Lisa-Vittozzi4-foto-Serge-Schwan.jpg\"><img loading=\"lazy\" decoding=\"async\" aria-describedby=\"caption-attachment-63890\" class=\"wp-image-63890\" src=\"http:\/\/comitati.fisi.org\/friuli-venezia-giulia\/wp-content\/uploads\/sites\/34\/2019\/12\/BIATHLON-2020-Lisa-Vittozzi4-foto-Serge-Schwan-400x400.jpg\" alt=\"\" width=\"400\" height=\"205\" \/><\/a><p id=\"caption-attachment-63890\" class=\"wp-caption-text\">Lisa Vittozzi (foto Serge Schwan)<\/p><\/div>\n<p>La Rai, che solitamente propone il biathlon solo alle Olimpiadi lasciando per il resto campo libero a Eurosport, ha capito che questo sport sta crescendo molto e approfittando dei Mondiali casalinghi ha scelto di trasmettere alcune gare su Raisport ma anche su Rai2: <em>\u00abIl palinsesto non \u00e8 stato ancora definito, ma si pu\u00f2 supporre che se gli azzurri partiranno bene, ci saranno pi\u00f9 possibilit\u00e0 di essere presenti su Rai2\u00bb,<\/em> spiega Piller Cottrer. Del resto fa tutta la differenza del mondo passare dal canale 57-58 al 2, dove transita anche chi non sa nulla di biathlon e, chiss\u00e0, potrebbe appassionarsi.<br \/>\nGioved\u00ec 13 ci sar\u00e0 la staffetta mista, la gara che vide nel 2018 l&#8217;Italia conquistare il bronzo olimpico con Dorothea Wierer, Lukas Hofer, Dominik Windisch e naturalmente <strong>Lisa Vittozzi,<\/strong> compaesana di Piller Cottrer: \u00ab<em>Commentare le gare di Lisa sar\u00e0 inevitabilmente particolare, perch\u00e9 fra noi c&#8217;\u00e8 feeling, senza dimenticare che spesso in estate si allena assieme ai ragazzi\u00bb<\/em>, dice. Ovvio chiedere quali siano le possibilit\u00e0 del talento del cs Carabinieri, che marted\u00ec ha festeggiato i 25 anni: \u00ab<em>A mio giudizio pu\u00f2 conquistare almeno due medaglie &#8211; <\/em>la risposta &#8211;<em>. Le ultime gare di coppa, a partire dal podio nella mass start di Pokljuka, le hanno consentito di sbloccarsi e di riacquistare fiducia. Sono certo che arriver\u00e0 ai Mondiali al top della condizione\u00bb.<\/em><\/p>\n<p><em><strong>(dal Gazzettino)<\/strong><\/em><\/p>\n","protected":false},"excerpt":{"rendered":"<p>Esattamente 30 anni fa, proprio ad Anterselva, l&#8217;allenatore e preparatore atletico della squadra FISI FVG disput\u00f2 la sua unica gara di Coppa del Mondo<\/p>\n","protected":false},"author":4,"featured_media":61973,"comment_status":"closed","ping_status":"closed","sticky":false,"template":"","format":"standard","meta":{"_acf_changed":false,"footnotes":""},"categories":[13,10],"tags":[],"acf":[],"_links":{"self":[{"href":"https:\/\/comitati.fisi.org\/friuli-venezia-giulia\/wp-json\/wp\/v2\/posts\/66387"}],"collection":[{"href":"https:\/\/comitati.fisi.org\/friuli-venezia-giulia\/wp-json\/wp\/v2\/posts"}],"about":[{"href":"https:\/\/comitati.fisi.org\/friuli-venezia-giulia\/wp-json\/wp\/v2\/types\/post"}],"author":[{"embeddable":true,"href":"https:\/\/comitati.fisi.org\/friuli-venezia-giulia\/wp-json\/wp\/v2\/users\/4"}],"replies":[{"embeddable":true,"href":"https:\/\/comitati.fisi.org\/friuli-venezia-giulia\/wp-json\/wp\/v2\/comments?post=66387"}],"version-history":[{"count":0,"href":"https:\/\/comitati.fisi.org\/friuli-venezia-giulia\/wp-json\/wp\/v2\/posts\/66387\/revisions"}],"wp:featuredmedia":[{"embeddable":true,"href":"https:\/\/comitati.fisi.org\/friuli-venezia-giulia\/wp-json\/wp\/v2\/media\/61973"}],"wp:attachment":[{"href":"https:\/\/comitati.fisi.org\/friuli-venezia-giulia\/wp-json\/wp\/v2\/media?parent=66387"}],"wp:term":[{"taxonomy":"category","embeddable":true,"href":"https:\/\/comitati.fisi.org\/friuli-venezia-giulia\/wp-json\/wp\/v2\/categories?post=66387"},{"taxonomy":"post_tag","embeddable":true,"href":"https:\/\/comitati.fisi.org\/friuli-venezia-giulia\/wp-json\/wp\/v2\/tags?post=66387"}],"curies":[{"name":"wp","href":"https:\/\/api.w.org\/{rel}","templated":true}]}}