{"id":66375,"date":"2020-02-06T18:32:23","date_gmt":"2020-02-06T17:32:23","guid":{"rendered":"https:\/\/www.fisifvg.org\/?p=66375"},"modified":"2020-02-06T18:32:23","modified_gmt":"2020-02-06T17:32:23","slug":"la-start-list-della-sprint-di-opa-cup-di-fondo-a-tarvisio","status":"publish","type":"post","link":"https:\/\/comitati.fisi.org\/friuli-venezia-giulia\/blog\/2020\/02\/06\/la-start-list-della-sprint-di-opa-cup-di-fondo-a-tarvisio\/","title":{"rendered":"La sprint apre la tappa di OPA Cup di fondo a Tarvisio"},"content":{"rendered":"<p>Prende il via <strong>venerd\u00ec 7 febbraio<\/strong> la tappa di OPA Cup organizzata alla <strong>Ski Arena &#8220;Gabriella Paruzzi&#8221; di Tarvisio dallo Sci Club Panorama.<\/strong><\/p>\n<p>Ricordiamo che la manifestazione continentale del fondo era inizialmente prevista a Piancavallo, poi lo spostamento a tempo record, causa condizioni meteo proibitive nella localit\u00e0 avianese, il tutto grazie alla collaborazione della FISI FVG e PromoturismoFVG nonch\u00e9 alla disponibilit\u00e0 del Comune della Valcanale. Attesi oltre 300 atleti provenienti da 13 Paesi (Spagna, Francia, Andorra, Svizzera, Belgio, Slovenia, Austria, Repubblica Ceca, Turchia, Giappone, Australia, Germania ed Italia), che saranno assistiti da circa 70 volontari.<\/p>\n<p>Il programma prevede venerd\u00ec 7 le sprint TL, sabato 8 le prove distance TC, domenica 9 le mass start TL.<br \/>\nIn tutte le tre giornate si partir\u00e0 alle 9.30, con gare distinte fra Senior e Under 20.<\/p>\n<p>Al via molti fondisti della squadra FISI FVG, presenti e passati: nella prima giornata ci saranno Nella sprint gareggeranno infatti <strong>Martina Di Centa, Davide Graz e Luca Sclisizzo<\/strong> (U20), <strong>Cristina Pittin e Rebecca Bergagnin<\/strong> (Senior)<\/p>\n<p>Si prospetta una giornata lunga e ricca di spettacolo, con inizialmente (dalle 9.30) le qualificazioni e le finali femminili, poi dalle 12.50 spazio agli uomini.<\/p>\n<p><a href=\"http:\/\/comitati.fisi.org\/friuli-venezia-giulia\/wp-content\/uploads\/sites\/34\/2020\/02\/PROGRAMMA.pdf\">PROGRAMMA OPA CUP<\/a><br \/>\n<a href=\"http:\/\/comitati.fisi.org\/friuli-venezia-giulia\/wp-content\/uploads\/sites\/34\/2020\/02\/2020TarvisoSL_SPQ_Startlist-sprint.pdf\">START LIST SPRINT<\/a><\/p>\n<div id='gallery-1' class='gallery galleryid-66375 gallery-columns-4 gallery-size-thumbnail'><dl class='gallery-item'>\n\t\t\t<dt class='gallery-icon landscape'>\n\t\t\t\t<a href='https:\/\/comitati.fisi.org\/friuli-venezia-giulia\/blog\/2020\/02\/06\/la-start-list-della-sprint-di-opa-cup-di-fondo-a-tarvisio\/whatsapp-image-2020-02-06-at-14-18-50\/'><img loading=\"lazy\" decoding=\"async\" width=\"150\" height=\"150\" src=\"https:\/\/comitati.fisi.org\/friuli-venezia-giulia\/wp-content\/uploads\/sites\/34\/2020\/02\/WhatsApp-Image-2020-02-06-at-14.18.50-150x150.jpeg\" class=\"attachment-thumbnail size-thumbnail\" alt=\"\" \/><\/a>\n\t\t\t<\/dt><\/dl><dl class='gallery-item'>\n\t\t\t<dt class='gallery-icon landscape'>\n\t\t\t\t<a href='https:\/\/comitati.fisi.org\/friuli-venezia-giulia\/blog\/2020\/02\/06\/la-start-list-della-sprint-di-opa-cup-di-fondo-a-tarvisio\/whatsapp-image-2020-02-06-at-14-16-26\/'><img loading=\"lazy\" decoding=\"async\" width=\"150\" height=\"150\" src=\"https:\/\/comitati.fisi.org\/friuli-venezia-giulia\/wp-content\/uploads\/sites\/34\/2020\/02\/WhatsApp-Image-2020-02-06-at-14.16.26-150x150.jpeg\" class=\"attachment-thumbnail size-thumbnail\" alt=\"\" \/><\/a>\n\t\t\t<\/dt><\/dl><dl class='gallery-item'>\n\t\t\t<dt class='gallery-icon landscape'>\n\t\t\t\t<a href='https:\/\/comitati.fisi.org\/friuli-venezia-giulia\/blog\/2020\/02\/06\/la-start-list-della-sprint-di-opa-cup-di-fondo-a-tarvisio\/jiur\/'><img loading=\"lazy\" decoding=\"async\" width=\"150\" height=\"150\" src=\"https:\/\/comitati.fisi.org\/friuli-venezia-giulia\/wp-content\/uploads\/sites\/34\/2020\/02\/jiur-150x150.jpeg\" class=\"attachment-thumbnail size-thumbnail\" alt=\"\" \/><\/a>\n\t\t\t<\/dt><\/dl><dl class='gallery-item'>\n\t\t\t<dt class='gallery-icon landscape'>\n\t\t\t\t<a href='https:\/\/comitati.fisi.org\/friuli-venezia-giulia\/blog\/2020\/02\/06\/la-start-list-della-sprint-di-opa-cup-di-fondo-a-tarvisio\/whatsapp-image-2020-02-06-at-14-16-27\/'><img loading=\"lazy\" decoding=\"async\" width=\"150\" height=\"150\" src=\"https:\/\/comitati.fisi.org\/friuli-venezia-giulia\/wp-content\/uploads\/sites\/34\/2020\/02\/WhatsApp-Image-2020-02-06-at-14.16.27-150x150.jpeg\" class=\"attachment-thumbnail size-thumbnail\" alt=\"\" \/><\/a>\n\t\t\t<\/dt><\/dl><dl class='gallery-item'>\n\t\t\t<dt class='gallery-icon landscape'>\n\t\t\t\t<a href='https:\/\/comitati.fisi.org\/friuli-venezia-giulia\/blog\/2020\/02\/06\/la-start-list-della-sprint-di-opa-cup-di-fondo-a-tarvisio\/ghg-8\/'><img loading=\"lazy\" decoding=\"async\" width=\"150\" height=\"150\" src=\"https:\/\/comitati.fisi.org\/friuli-venezia-giulia\/wp-content\/uploads\/sites\/34\/2020\/02\/ghg-1-150x150.jpeg\" class=\"attachment-thumbnail size-thumbnail\" alt=\"\" \/><\/a>\n\t\t\t<\/dt><\/dl>\n\t\t\t\n\t\t<\/div>\n\n<p><em><strong>(nelle foto i fondisti impegnati oggi in allenamento)<\/strong><\/em><\/p>\n","protected":false},"excerpt":{"rendered":"<p>Prende il via venerd\u00ec 7 febbraio la manifestazione organizzata alla Ski Arena &#8220;Gabriella Paruzzi dallo Sci Club Panorama<\/p>\n","protected":false},"author":4,"featured_media":66393,"comment_status":"closed","ping_status":"closed","sticky":false,"template":"","format":"standard","meta":{"_acf_changed":false,"footnotes":""},"categories":[11],"tags":[],"acf":[],"_links":{"self":[{"href":"https:\/\/comitati.fisi.org\/friuli-venezia-giulia\/wp-json\/wp\/v2\/posts\/66375"}],"collection":[{"href":"https:\/\/comitati.fisi.org\/friuli-venezia-giulia\/wp-json\/wp\/v2\/posts"}],"about":[{"href":"https:\/\/comitati.fisi.org\/friuli-venezia-giulia\/wp-json\/wp\/v2\/types\/post"}],"author":[{"embeddable":true,"href":"https:\/\/comitati.fisi.org\/friuli-venezia-giulia\/wp-json\/wp\/v2\/users\/4"}],"replies":[{"embeddable":true,"href":"https:\/\/comitati.fisi.org\/friuli-venezia-giulia\/wp-json\/wp\/v2\/comments?post=66375"}],"version-history":[{"count":0,"href":"https:\/\/comitati.fisi.org\/friuli-venezia-giulia\/wp-json\/wp\/v2\/posts\/66375\/revisions"}],"wp:featuredmedia":[{"embeddable":true,"href":"https:\/\/comitati.fisi.org\/friuli-venezia-giulia\/wp-json\/wp\/v2\/media\/66393"}],"wp:attachment":[{"href":"https:\/\/comitati.fisi.org\/friuli-venezia-giulia\/wp-json\/wp\/v2\/media?parent=66375"}],"wp:term":[{"taxonomy":"category","embeddable":true,"href":"https:\/\/comitati.fisi.org\/friuli-venezia-giulia\/wp-json\/wp\/v2\/categories?post=66375"},{"taxonomy":"post_tag","embeddable":true,"href":"https:\/\/comitati.fisi.org\/friuli-venezia-giulia\/wp-json\/wp\/v2\/tags?post=66375"}],"curies":[{"name":"wp","href":"https:\/\/api.w.org\/{rel}","templated":true}]}}