{"id":63472,"date":"2019-12-14T11:09:44","date_gmt":"2019-12-14T10:09:44","guid":{"rendered":"https:\/\/www.fisifvg.org\/?p=63472"},"modified":"2019-12-14T11:09:44","modified_gmt":"2019-12-14T10:09:44","slug":"martina-di-centa-andrea-gartner-gran-doppietta-nella-coppa-italia-di-fondo","status":"publish","type":"post","link":"https:\/\/comitati.fisi.org\/friuli-venezia-giulia\/blog\/2019\/12\/14\/martina-di-centa-andrea-gartner-gran-doppietta-nella-coppa-italia-di-fondo\/","title":{"rendered":"Martina Di Centa-Andrea Gartner, gran doppietta in Coppa Italia Giovani"},"content":{"rendered":"<p>Splendida doppietta per la squadra FISI FVG nella seconda giornata della Coppa Italia Giovani Rode di Gressoney, in Valle d&#8217;Aosta.<\/p>\n<div id=\"attachment_63382\" style=\"width: 310px\" class=\"wp-caption alignright\"><a href=\"http:\/\/comitati.fisi.org\/friuli-venezia-giulia\/wp-content\/uploads\/sites\/34\/2019\/12\/FONDO-2020-Martina-Di-Centa2.jpeg\"><img loading=\"lazy\" decoding=\"async\" aria-describedby=\"caption-attachment-63382\" class=\"wp-image-63382\" src=\"http:\/\/comitati.fisi.org\/friuli-venezia-giulia\/wp-content\/uploads\/sites\/34\/2019\/12\/FONDO-2020-Martina-Di-Centa2-400x400.jpeg\" alt=\"\" width=\"300\" height=\"375\" \/><\/a><p id=\"caption-attachment-63382\" class=\"wp-caption-text\">Martina Di Centa<\/p><\/div>\n<p>Oggi erano in programma le prove mass start a tecnica classica e nella 5 km Under 20 Martina Di Centa si \u00e8 imposta con 15&#8243; su Nicole Monsorno e 29&#8243;5 su Valentina May, distacchi importanti considerando la relativa distanza.<br \/>\nLa carabiniera figlia e nipote d&#8217;arte, cresciuta ovviamente dell&#8217;Aldo Moro, ieri era giunta seconda nella sprint.<\/p>\n<p>Il secondo successo \u00e8 arrivato negli Under 18 grazie a Andrea Gartner, che si \u00e8 imposto per poco pi\u00f9 di 2&#8243; su Andrea Zorzi.<br \/>\nGran risultato anche per il tarvisiano cresciuto da Mariano Malfitana.<\/p>\n<p>Nella 10 km Under 20 maschile settimo posto per Luca Sclisizzo.<\/p>\n<p>Nella 5 km Under 18 la migliore FVG \u00e8 stata Astrid Pl\u00f6sch del Weissenfels, quattordicesima; poi Aurora Morassi della Timaucleulis ventiquattresima.<\/p>\n<p><a href=\"http:\/\/comitati.fisi.org\/friuli-venezia-giulia\/wp-content\/uploads\/sites\/34\/2019\/12\/PROVVISORIA-ASP-JUN-MASCHILE-1.pdf\">CLASSIFICHE MASCHILI<\/a><br \/>\n<a href=\"http:\/\/comitati.fisi.org\/friuli-venezia-giulia\/wp-content\/uploads\/sites\/34\/2019\/12\/PROVVISORIA-JUN-ASP-F.pdf\">CLASSIFICHE FEMMINILI<\/a><\/p>\n<p><em><strong>(nella foto di copertina Gartner sul gradino pi\u00f9 alto del podio)<\/strong><\/em><\/p>\n","protected":false},"excerpt":{"rendered":"<p>La carnica e il tarvisiano protagonisti nella mass start a tecnica classica di Gressoney.<\/p>\n","protected":false},"author":4,"featured_media":63528,"comment_status":"closed","ping_status":"closed","sticky":false,"template":"","format":"standard","meta":{"_acf_changed":false,"footnotes":""},"categories":[10,11],"tags":[77,902],"acf":[],"_links":{"self":[{"href":"https:\/\/comitati.fisi.org\/friuli-venezia-giulia\/wp-json\/wp\/v2\/posts\/63472"}],"collection":[{"href":"https:\/\/comitati.fisi.org\/friuli-venezia-giulia\/wp-json\/wp\/v2\/posts"}],"about":[{"href":"https:\/\/comitati.fisi.org\/friuli-venezia-giulia\/wp-json\/wp\/v2\/types\/post"}],"author":[{"embeddable":true,"href":"https:\/\/comitati.fisi.org\/friuli-venezia-giulia\/wp-json\/wp\/v2\/users\/4"}],"replies":[{"embeddable":true,"href":"https:\/\/comitati.fisi.org\/friuli-venezia-giulia\/wp-json\/wp\/v2\/comments?post=63472"}],"version-history":[{"count":0,"href":"https:\/\/comitati.fisi.org\/friuli-venezia-giulia\/wp-json\/wp\/v2\/posts\/63472\/revisions"}],"wp:featuredmedia":[{"embeddable":true,"href":"https:\/\/comitati.fisi.org\/friuli-venezia-giulia\/wp-json\/wp\/v2\/media\/63528"}],"wp:attachment":[{"href":"https:\/\/comitati.fisi.org\/friuli-venezia-giulia\/wp-json\/wp\/v2\/media?parent=63472"}],"wp:term":[{"taxonomy":"category","embeddable":true,"href":"https:\/\/comitati.fisi.org\/friuli-venezia-giulia\/wp-json\/wp\/v2\/categories?post=63472"},{"taxonomy":"post_tag","embeddable":true,"href":"https:\/\/comitati.fisi.org\/friuli-venezia-giulia\/wp-json\/wp\/v2\/tags?post=63472"}],"curies":[{"name":"wp","href":"https:\/\/api.w.org\/{rel}","templated":true}]}}