{"id":63371,"date":"2019-12-11T15:45:33","date_gmt":"2019-12-11T14:45:33","guid":{"rendered":"https:\/\/www.fisifvg.org\/?p=63371"},"modified":"2019-12-11T15:45:33","modified_gmt":"2019-12-11T14:45:33","slug":"lele-buzzi-si-allena-in-val-gardena-in-vista-delle-gare-di-coppa-del-mondo","status":"publish","type":"post","link":"https:\/\/comitati.fisi.org\/friuli-venezia-giulia\/blog\/2019\/12\/11\/lele-buzzi-si-allena-in-val-gardena-in-vista-delle-gare-di-coppa-del-mondo\/","title":{"rendered":"Lele Buzzi si allena in Val Gardena in vista delle gare di Coppa del Mondo"},"content":{"rendered":"<p>La parentesi di Coppa del Mondo oltreoceano \u00e8 gi\u00e0 alle spalle. Gli atleti azzurri specializzati nella velocit\u00e0 di sci alpino sono tornati a lavoro sulle piste di casa, precisamente in Val Gardena, la localit\u00e0 che ospiter\u00e0 la Cdm il prossimo 20 e 21 dicembre.<br \/>\nSono stati programmati due giorni di allenamento (11 e 12 dicembre) a cui parteciperanno <strong>Emanuele Buzzi <\/strong><em><strong><em>(<\/em>nella foto),<\/strong><\/em> Mattia Casse, Davide Cazzaniga, Peter Fill, Christof Innerhofer e Dominik Paris. Il direttore tecnico Alberto Ghidoni li seguir\u00e0 nel lavoro quotidiano insieme agli allenatori Christian Corradino e Raimund Plancker.<\/p>\n<p>Una gara di discesa e una prova di superG animeranno il weekend in Val Gardena, dove i fari saranno puntati in particolare su Christof Innerhofer, al rientro\u00a0dopo il lungo infortunio\u00a0proprio sulla pista che lo scorso anno lo ha visto arrivare secondo nel SG, e su Dominik Paris, capace di centrare gi\u00e0 due podi in questo inizio di stagione a Lake Louise. Prima per\u00f2 la Cdm far\u00e0 tappa in Val d\u2019Isere, in Francia, nelle giornate del 14 e 15 dicembre. A causa del maltempo gli organizzatori sono stati costretti a cambiare il programma di gare, invertendo l&#8217;ordine delle due prove: si partir\u00e0 sabato con lo slalom per poi proseguire domenica con il gigante.<\/p>\n","protected":false},"excerpt":{"rendered":"<p>Il 20 e 21 dicembre sono in programma il superG e la discesa<\/p>\n","protected":false},"author":4,"featured_media":63123,"comment_status":"closed","ping_status":"closed","sticky":false,"template":"","format":"standard","meta":{"_acf_changed":false,"footnotes":""},"categories":[10,15],"tags":[98,772,128],"acf":[],"_links":{"self":[{"href":"https:\/\/comitati.fisi.org\/friuli-venezia-giulia\/wp-json\/wp\/v2\/posts\/63371"}],"collection":[{"href":"https:\/\/comitati.fisi.org\/friuli-venezia-giulia\/wp-json\/wp\/v2\/posts"}],"about":[{"href":"https:\/\/comitati.fisi.org\/friuli-venezia-giulia\/wp-json\/wp\/v2\/types\/post"}],"author":[{"embeddable":true,"href":"https:\/\/comitati.fisi.org\/friuli-venezia-giulia\/wp-json\/wp\/v2\/users\/4"}],"replies":[{"embeddable":true,"href":"https:\/\/comitati.fisi.org\/friuli-venezia-giulia\/wp-json\/wp\/v2\/comments?post=63371"}],"version-history":[{"count":0,"href":"https:\/\/comitati.fisi.org\/friuli-venezia-giulia\/wp-json\/wp\/v2\/posts\/63371\/revisions"}],"wp:featuredmedia":[{"embeddable":true,"href":"https:\/\/comitati.fisi.org\/friuli-venezia-giulia\/wp-json\/wp\/v2\/media\/63123"}],"wp:attachment":[{"href":"https:\/\/comitati.fisi.org\/friuli-venezia-giulia\/wp-json\/wp\/v2\/media?parent=63371"}],"wp:term":[{"taxonomy":"category","embeddable":true,"href":"https:\/\/comitati.fisi.org\/friuli-venezia-giulia\/wp-json\/wp\/v2\/categories?post=63371"},{"taxonomy":"post_tag","embeddable":true,"href":"https:\/\/comitati.fisi.org\/friuli-venezia-giulia\/wp-json\/wp\/v2\/tags?post=63371"}],"curies":[{"name":"wp","href":"https:\/\/api.w.org\/{rel}","templated":true}]}}