{"id":63253,"date":"2019-12-08T16:45:35","date_gmt":"2019-12-08T15:45:35","guid":{"rendered":"https:\/\/www.fisifvg.org\/?p=63253"},"modified":"2019-12-08T16:45:35","modified_gmt":"2019-12-08T15:45:35","slug":"litalia-di-una-positiva-lisa-vittozzi-dodicesima-nella-staffetta-del-biathlon","status":"publish","type":"post","link":"https:\/\/comitati.fisi.org\/friuli-venezia-giulia\/blog\/2019\/12\/08\/litalia-di-una-positiva-lisa-vittozzi-dodicesima-nella-staffetta-del-biathlon\/","title":{"rendered":"L&#8217;Italia di una positiva Lisa Vittozzi dodicesima nella staffetta del biathlon"},"content":{"rendered":"<p>Dodicesimo posto per la staffetta femminile 4&#215;6 km nell&#8217;ultima gara della tappa di Coppa del Mondo di biathlon di Oestersund, in Svezia.<\/p>\n<p>Decisamente positiva la prova di Lisa Vittozzi, ancora una volta schierata al lancio. La sappadina si \u00e8 presentata per prima all&#8217;ingresso di entrambi i poligoni, mantenendo la stessa posizione anche all&#8217;uscita. A terra Lisa \u00e8 stata perfetta, in piedi ha mancato l&#8217;ultimo bersaglio, coperto per\u00f2 subito con la prima ricarica. Al cambio con Nicole Gontier l&#8217;Italia si ritrovava cos\u00ec in testa con 13&#8243; sulla Norvegia, 14&#8243;6 sulla Svezie a 27&#8243;7 sugli Stati Uniti.<br \/>\nLa valdostana incappava per\u00f2 in una giornata storta, con tre giri di penalit\u00e0 che la portavano a dare il cambio a Dorothea Wierer quattordicesima a 2&#8217;23&#8221; dalla leader Svezia e ad oltre 2&#8242; dalla zona podio.<br \/>\nDoro recuperava quattro posizioni, lanciando Federica Sanfilippo decima a 1&#8217;37&#8221; sempre dalla Svezia. L&#8217;ultima delle azzurre veniva costretta ad ulteriori due giri di penalit\u00e0 (nella serie in piedi), chiudendo dodicesima a 4&#8217;08&#8221; dalla Norvegia, vincitrice davanti a Svizzera e Svezia.<\/p>\n<p><a href=\"https:\/\/www.biathlonworld.com\/competitions\/world-cup\/events\/bmw-ibu-world-cup-biathlon-oestersund-1920\/bt1920swrlcp01\/race\/women-4x6-km-relay\/bt1920swrlcp01swrl\/\">CLASSIFICA<\/a><\/p>\n<p><em><strong>(nella foto Lisa Vittozzi pochi minuti prima del via della gara odierna)<\/strong><\/em><\/p>\n","protected":false},"excerpt":{"rendered":"<p>La sappadina \u00e8 stata autrice di una prima frazione perfetta, chiusa al comando<\/p>\n","protected":false},"author":4,"featured_media":63289,"comment_status":"closed","ping_status":"closed","sticky":false,"template":"","format":"standard","meta":{"_acf_changed":false,"footnotes":""},"categories":[13,10],"tags":[140,559,141,108],"acf":[],"_links":{"self":[{"href":"https:\/\/comitati.fisi.org\/friuli-venezia-giulia\/wp-json\/wp\/v2\/posts\/63253"}],"collection":[{"href":"https:\/\/comitati.fisi.org\/friuli-venezia-giulia\/wp-json\/wp\/v2\/posts"}],"about":[{"href":"https:\/\/comitati.fisi.org\/friuli-venezia-giulia\/wp-json\/wp\/v2\/types\/post"}],"author":[{"embeddable":true,"href":"https:\/\/comitati.fisi.org\/friuli-venezia-giulia\/wp-json\/wp\/v2\/users\/4"}],"replies":[{"embeddable":true,"href":"https:\/\/comitati.fisi.org\/friuli-venezia-giulia\/wp-json\/wp\/v2\/comments?post=63253"}],"version-history":[{"count":0,"href":"https:\/\/comitati.fisi.org\/friuli-venezia-giulia\/wp-json\/wp\/v2\/posts\/63253\/revisions"}],"wp:featuredmedia":[{"embeddable":true,"href":"https:\/\/comitati.fisi.org\/friuli-venezia-giulia\/wp-json\/wp\/v2\/media\/63289"}],"wp:attachment":[{"href":"https:\/\/comitati.fisi.org\/friuli-venezia-giulia\/wp-json\/wp\/v2\/media?parent=63253"}],"wp:term":[{"taxonomy":"category","embeddable":true,"href":"https:\/\/comitati.fisi.org\/friuli-venezia-giulia\/wp-json\/wp\/v2\/categories?post=63253"},{"taxonomy":"post_tag","embeddable":true,"href":"https:\/\/comitati.fisi.org\/friuli-venezia-giulia\/wp-json\/wp\/v2\/tags?post=63253"}],"curies":[{"name":"wp","href":"https:\/\/api.w.org\/{rel}","templated":true}]}}