{"id":63249,"date":"2019-12-08T11:39:32","date_gmt":"2019-12-08T10:39:32","guid":{"rendered":"https:\/\/www.fisifvg.org\/?p=63249"},"modified":"2019-12-08T11:39:32","modified_gmt":"2019-12-08T10:39:32","slug":"fondo-ancora-un-secondo-posto-in-opa-cup-junior-per-davide-graz","status":"publish","type":"post","link":"https:\/\/comitati.fisi.org\/friuli-venezia-giulia\/blog\/2019\/12\/08\/fondo-ancora-un-secondo-posto-in-opa-cup-junior-per-davide-graz\/","title":{"rendered":"Ancora un secondo posto in Opa Cup Junior per Davide Graz"},"content":{"rendered":"<p>Davide Graz, secondo ieri nella sprint, ha ottenuto oggi lo stesso piazzamento nella 10 km tl junior di Opa Cup a Pokljuka, in Slovenia.<\/p>\n<p>L&#8217;azzurro della squadra FISI FVG \u00e8 stato preceduto solo da Friedrich Moch, pi\u00f9 veloce di 28&#8243;9. A met\u00e0 gara i due viaggiaviano appaiati, poi il tedesco ha cambiato passo, con Davide che ha salvato il secondo posto per 2 soli decimi, respingendo cos\u00ec il ritorno del francese Lovera.<\/p>\n<p>Positiva la prova anche dell&#8217;altro esponente della squadra FISI FVG Luca Sclisizzo, dodicesimo a 1&#8217;16&#8221; con una prova in crescendo.<\/p>\n<p>Nella 5 km junior femminile la compagna di Comitato Martina Di Centa ha chiuso al nono posto.<\/p>\n<p>Nella 10 km senior 21a Cristina Pittin (10a Under 23), 28a Rebecca Bergagnin (15a Under 23).<\/p>\n<p>Infine la 15 km senior maschile, con il 24\u00b0 posto (9\u00b0 Under 23) di Luca Del Fabbro e il 36\u00b0 (13\u00b0 Under 23) di Martin Coradazzi.<\/p>\n<p><a href=\"https:\/\/www.fis-ski.com\/DB\/general\/event-details.html?sectorcode=CC&amp;eventid=45998&amp;seasoncode=2020\">CLASSIFICHE<\/a><\/p>\n<p><em><strong>(nella foto il podio Junior, con Graz primo da sinistra)<\/strong><\/em><\/p>\n","protected":false},"excerpt":{"rendered":"<p>L&#8217;azzurro della squadra FISI FVG \u00e8 stato preceduto solo dal tedesco Friedrich Moch<\/p>\n","protected":false},"author":4,"featured_media":63287,"comment_status":"closed","ping_status":"closed","sticky":false,"template":"","format":"standard","meta":{"_acf_changed":false,"footnotes":""},"categories":[10,11],"tags":[82,94,209,894],"acf":[],"_links":{"self":[{"href":"https:\/\/comitati.fisi.org\/friuli-venezia-giulia\/wp-json\/wp\/v2\/posts\/63249"}],"collection":[{"href":"https:\/\/comitati.fisi.org\/friuli-venezia-giulia\/wp-json\/wp\/v2\/posts"}],"about":[{"href":"https:\/\/comitati.fisi.org\/friuli-venezia-giulia\/wp-json\/wp\/v2\/types\/post"}],"author":[{"embeddable":true,"href":"https:\/\/comitati.fisi.org\/friuli-venezia-giulia\/wp-json\/wp\/v2\/users\/4"}],"replies":[{"embeddable":true,"href":"https:\/\/comitati.fisi.org\/friuli-venezia-giulia\/wp-json\/wp\/v2\/comments?post=63249"}],"version-history":[{"count":0,"href":"https:\/\/comitati.fisi.org\/friuli-venezia-giulia\/wp-json\/wp\/v2\/posts\/63249\/revisions"}],"wp:featuredmedia":[{"embeddable":true,"href":"https:\/\/comitati.fisi.org\/friuli-venezia-giulia\/wp-json\/wp\/v2\/media\/63287"}],"wp:attachment":[{"href":"https:\/\/comitati.fisi.org\/friuli-venezia-giulia\/wp-json\/wp\/v2\/media?parent=63249"}],"wp:term":[{"taxonomy":"category","embeddable":true,"href":"https:\/\/comitati.fisi.org\/friuli-venezia-giulia\/wp-json\/wp\/v2\/categories?post=63249"},{"taxonomy":"post_tag","embeddable":true,"href":"https:\/\/comitati.fisi.org\/friuli-venezia-giulia\/wp-json\/wp\/v2\/tags?post=63249"}],"curies":[{"name":"wp","href":"https:\/\/api.w.org\/{rel}","templated":true}]}}