{"id":63155,"date":"2019-12-06T17:56:22","date_gmt":"2019-12-06T16:56:22","guid":{"rendered":"https:\/\/www.fisifvg.org\/?p=63155"},"modified":"2019-12-06T17:56:22","modified_gmt":"2019-12-06T16:56:22","slug":"il-campionato-regionale-di-snowboard-si-disputera-a-piancavallo","status":"publish","type":"post","link":"https:\/\/comitati.fisi.org\/friuli-venezia-giulia\/blog\/2019\/12\/06\/il-campionato-regionale-di-snowboard-si-disputera-a-piancavallo\/","title":{"rendered":"Il Campionato Regionale di snowboard si disputer\u00e0 a Piancavallo"},"content":{"rendered":"<p>Venerd\u00ec 13 marzo 2020 lo Sci Club 5 Cime organizzer\u00e0 a Piancavallo il Campionato Regionale di snowboard.<\/p>\n<p>In programma una prova di BSL (banked slalom) riservata a Baby, Cuccioli, Ragazzi, Allievi, Giovani e Seniores.<\/p>\n<p>Ricordiamo che lo snowboard proporr\u00e0 anche il ritorno della Coppa del Mondo, sempre a Piancavallo, con lo slalom parallelo e lo slalom parallelo a squadre il 25 e 26 gennaio, per l&#8217;organizzazione dello Sporting Piancavallo.<\/p>\n<p><em><strong>(foto di Carlo Spaliviero)<\/strong><\/em><\/p>\n","protected":false},"excerpt":{"rendered":"<p>L&#8217;evento \u00e8 in programma venerd\u00ec 13 marzo 2020, per l&#8217;organizzazione dello Sci Club 5 Cime<\/p>\n","protected":false},"author":4,"featured_media":50124,"comment_status":"closed","ping_status":"closed","sticky":false,"template":"","format":"standard","meta":{"_acf_changed":false,"footnotes":""},"categories":[10,18],"tags":[891,112,892],"acf":[],"_links":{"self":[{"href":"https:\/\/comitati.fisi.org\/friuli-venezia-giulia\/wp-json\/wp\/v2\/posts\/63155"}],"collection":[{"href":"https:\/\/comitati.fisi.org\/friuli-venezia-giulia\/wp-json\/wp\/v2\/posts"}],"about":[{"href":"https:\/\/comitati.fisi.org\/friuli-venezia-giulia\/wp-json\/wp\/v2\/types\/post"}],"author":[{"embeddable":true,"href":"https:\/\/comitati.fisi.org\/friuli-venezia-giulia\/wp-json\/wp\/v2\/users\/4"}],"replies":[{"embeddable":true,"href":"https:\/\/comitati.fisi.org\/friuli-venezia-giulia\/wp-json\/wp\/v2\/comments?post=63155"}],"version-history":[{"count":0,"href":"https:\/\/comitati.fisi.org\/friuli-venezia-giulia\/wp-json\/wp\/v2\/posts\/63155\/revisions"}],"wp:featuredmedia":[{"embeddable":true,"href":"https:\/\/comitati.fisi.org\/friuli-venezia-giulia\/wp-json\/wp\/v2\/media\/50124"}],"wp:attachment":[{"href":"https:\/\/comitati.fisi.org\/friuli-venezia-giulia\/wp-json\/wp\/v2\/media?parent=63155"}],"wp:term":[{"taxonomy":"category","embeddable":true,"href":"https:\/\/comitati.fisi.org\/friuli-venezia-giulia\/wp-json\/wp\/v2\/categories?post=63155"},{"taxonomy":"post_tag","embeddable":true,"href":"https:\/\/comitati.fisi.org\/friuli-venezia-giulia\/wp-json\/wp\/v2\/tags?post=63155"}],"curies":[{"name":"wp","href":"https:\/\/api.w.org\/{rel}","templated":true}]}}